{"id":34711,"date":"2018-12-24T09:52:37","date_gmt":"2018-12-24T11:52:37","guid":{"rendered":"http:\/\/www2.comunitaria.com.br\/?p=34711"},"modified":"2018-12-24T09:52:37","modified_gmt":"2018-12-24T11:52:37","slug":"ipva-e-demais-encargos-podem-ser-pagos-juntos-a-partir-desta-segunda-feira","status":"publish","type":"post","link":"https:\/\/www2.comunitaria.com.br\/en\/ipva-e-demais-encargos-podem-ser-pagos-juntos-a-partir-desta-segunda-feira\/","title":{"rendered":"IPVA e demais encargos podem ser pagos juntos a partir desta segunda-feira"},"content":{"rendered":"<p style=\"text-align: justify;\">A partir desta segunda-feira (24), v\u00e9spera de Natal, ser\u00e1 poss\u00edvel pagar, numa \u00fanica opera\u00e7\u00e3o, o IPVA 2019 (Imposto sobre a Propriedade de Ve\u00edculos Automotores) juntamente com o seguro obrigat\u00f3rio. Os novos valores do DPVAT, j\u00e1 considerando a taxa de expedi\u00e7\u00e3o do documento e o IOF incidente, estar\u00e3o dispon\u00edveis em toda a rede banc\u00e1ria credenciada a recolher o imposto.<\/p>\n<p style=\"text-align: justify;\">Com descontos que podem chegar a 25,48%, a quita\u00e7\u00e3o antecipada do IPVA 2019 tem prazo-limite vencendo nesta semana. Em pouco mais de uma semana do lan\u00e7amento do calend\u00e1rio do IPVA, a Receita Estadual contabiliza um total de 150.249 ve\u00edculos com o imposto quitado de maneira antecipada, o que representou uma arrecada\u00e7\u00e3o bruta de R$ 125 milh\u00f5es (R$ 125.299.094,50).<\/p>\n<p style=\"text-align: justify;\">At\u00e9 sexta-feira (28), o motorista ter\u00e1 uma redu\u00e7\u00e3o de 3% no montante do tributo e poder\u00e1 se valer ainda do valor da Unidade de Padr\u00e3o Fiscal (UPF\/RS) antes da atualiza\u00e7\u00e3o da virada do ano, estimada em 4,13%.<\/p>\n<p style=\"text-align: justify;\">Para alcan\u00e7ar o desconto m\u00e1ximo, o contribuinte precisa levar em conta tamb\u00e9m as vantagens do Bom Motorista e do Bom Cidad\u00e3o. Os condutores que n\u00e3o receberam multas nos \u00faltimos tr\u00eas anos ter\u00e3o dedu\u00e7\u00e3o de mais 15%. Para quem n\u00e3o foi multado h\u00e1 dois anos, o \u00edndice \u00e9 de 10%, e para quem ficou um ano sem infra\u00e7\u00f5es, o abatimento \u00e9 de 5%. O desconto do Bom Cidad\u00e3o, por sua vez, dar\u00e1 aos propriet\u00e1rios de ve\u00edculos que acumularam no m\u00ednimo 100 notas fiscais no programa Nota Fiscal Ga\u00facha mais 5% de desconto.<\/p>\n<p style=\"text-align: justify;\">A expectativa da Secretaria da Fazenda \u00e9 arrecadar R$ 2,895 bilh\u00f5es com o IPVA 2019, valor que, ap\u00f3s as devidas destina\u00e7\u00f5es constitucionais, \u00e9 repartido automaticamente 50% para o Estado e 50% para o munic\u00edpio de licenciamento do ve\u00edculo. Pelos c\u00e1lculos da Receita Estadual, o per\u00edodo de pagamento antecipado deve representar uma arrecada\u00e7\u00e3o bruta ao redor de R$ 737 milh\u00f5es.<\/p>\n<p style=\"text-align: justify;\"><strong>Servi\u00e7o do IPVA 2019:<\/strong><\/p>\n<p style=\"text-align: justify;\"><strong>Quem paga?<\/strong>&nbsp;Todos os propriet\u00e1rios de ve\u00edculos automotores fabricados a partir do ano de 2.000.<\/p>\n<p style=\"text-align: justify;\"><strong>Como pagar?<\/strong>&nbsp;Para quitar o imposto, o propriet\u00e1rio dever\u00e1 apresentar Certificado de Registro e Licenciamento do Ve\u00edculo (CRLV). Junto com o IPVA, \u00e9 poss\u00edvel pagar o seguro obrigat\u00f3rio (DPVAT), taxa de licenciamento e multas de tr\u00e2nsito.<\/p>\n<p style=\"text-align: justify;\"><strong>Onde pagar?<\/strong>&nbsp;No Banrisul, Bradesco, Santander, Sicredi, Caixa (loterias) e Banco do Brasil (somente para clientes).<\/p>\n<p style=\"text-align: justify;\"><strong>Al\u00edquotas do IPVA no RS:<\/strong><\/p>\n<p style=\"text-align: justify;\">3% &#8211; Autom\u00f3veis e camionetas<\/p>\n<p style=\"text-align: justify;\">2% &#8211; Motocicletas<\/p>\n<p style=\"text-align: justify;\">1% &#8211; Caminh\u00f5es, \u00f4nibus, micro-\u00f4nibus e autom\u00f3veis e camionetas para loca\u00e7\u00e3o.<\/p>\n<p style=\"text-align: justify;\"><strong>Frota total do estado:<\/strong>&nbsp;6.734.626<\/p>\n<p style=\"text-align: justify;\"><strong>Frota pagante de IPVA:<\/strong>&nbsp;3.704.814 (55%)<\/p>\n<p style=\"text-align: justify;\"><strong>Frota isenta de IPVA:<\/strong>&nbsp;3.029.812 (45%).<\/p>\n<p style=\"text-align: justify;\"><strong>Consultas e d\u00favidas<\/strong><\/p>\n<p style=\"text-align: justify;\">Para auxiliar os contribuintes, a Fazenda disponibiliza um site espec\u00edfico sobre o imposto&nbsp;<a href=\"http:\/\/www.ipva.rs.gov.br\/\" target=\"_blank\" rel=\"noopener\">aqui<\/a>. Nele, \u00e9 poss\u00edvel consultar todos os dados relativos aos ve\u00edculos, como multas, valores a pagar e pend\u00eancias. Al\u00e9m do site, \u00e9 poss\u00edvel baixar o aplicativo do tributo (IPVA RS) para dispositivos m\u00f3veis, dispon\u00edvel gratuitamente na App Store e na Google Play.<\/p>\n<p style=\"text-align: justify;\">Desde o calend\u00e1rio passado, a Secretaria decidiu cancelar o envio das cartas aos contribuintes via Correios, tornando o encaminhamento das informa\u00e7\u00f5es por e-mail a \u00fanica op\u00e7\u00e3o vigente. A elimina\u00e7\u00e3o das correspond\u00eancias f\u00edsicas faz parte dos esfor\u00e7os de moderniza\u00e7\u00e3o, sustentabilidade e economia da Receita Estadual, reduzindo os custos em cerca de R$ 2 milh\u00f5es. Para garantir o recebimento das informa\u00e7\u00f5es, os donos dos ve\u00edculos devem efetuar o cadastramento dos seus e-mails no site do tributo&nbsp;<a href=\"http:\/\/www.ipva.rs.gov.br\/\" target=\"_blank\" rel=\"noopener\">aqui<\/a>&nbsp;ou da Receita Estadual&nbsp;<a href=\"http:\/\/www.receita.fazenda.rs.gov.br\/\" target=\"_blank\" rel=\"noopener\">aqui<\/a>.<\/p>\n<p style=\"text-align: justify;\">Tamb\u00e9m neste ano houve mudan\u00e7a no local de atendimento presencial relacionado ao tributo em Porto Alegre. Antes realizado na Ag\u00eancia IPVA (Av. 24 de Outubro, n\u00ba 844), o servi\u00e7o migrou para a Central de Atendimento ao Contribuinte (Pr\u00e9dio da Secretaria da Fazenda &#8211; Rua Siqueira Campos, n\u00ba 1.044 &#8211; Centro &#8211; das 10h \u00e0s 16h, sem fechar ao meio-dia). A iniciativa buscou centralizar diversos atendimentos em um s\u00f3 local, gerando mais efici\u00eancia para a gest\u00e3o interna e para os contribuintes. No interior, o servi\u00e7o \u00e9 realizado nas Delegacias da Receita Estadual.<\/p>\n<p style=\"text-align: justify;\">D\u00favidas continuam sendo atendidas por meio do \u201cPlant\u00e3o Fiscal Virtual\u201d, ferramenta online dispon\u00edvel no site da Receita Estadual&nbsp;<a href=\"http:\/\/www.sefaz.rs.gov.br\/Site\/FaleConosco.aspx\" target=\"_blank\" rel=\"noopener\">aqui<\/a>. Verifique se sua d\u00favida est\u00e1 respondida em \u201cD\u00favidas Frequentes\u201d, acessando&nbsp;<a href=\"https:\/\/www.sefaz.rs.gov.br\/Site\/MontaDuvidas.aspx?al=l_ipva_duvidas\" target=\"_blank\" rel=\"noopener\">aqui<\/a>.<\/p>\n<p><em>Portal RS<\/em><\/p>","protected":false},"excerpt":{"rendered":"<p>A partir desta segunda-feira (24), v\u00e9spera de Natal, ser\u00e1 poss\u00edvel pagar, numa \u00fanica opera\u00e7\u00e3o, o IPVA 2019 (Imposto sobre a Propriedade de Ve\u00edculos Automotores) juntamente com o seguro obrigat\u00f3rio. Os&#8230;<\/p>","protected":false},"author":2,"featured_media":34712,"comment_status":"open","ping_status":"closed","sticky":false,"template":"","format":"standard","meta":{"ngg_post_thumbnail":0,"footnotes":""},"categories":[39,46,28,33],"tags":[519,616,403,426],"class_list":["post-34711","post","type-post","status-publish","format-standard","has-post-thumbnail","hentry","category-economia","category-estado","category-destaque","category-noticias","tag-estado-2","tag-impostos","tag-ipva","tag-transito"],"amp_enabled":true,"_links":{"self":[{"href":"https:\/\/www2.comunitaria.com.br\/en\/wp-json\/wp\/v2\/posts\/34711","targetHints":{"allow":["GET"]}}],"collection":[{"href":"https:\/\/www2.comunitaria.com.br\/en\/wp-json\/wp\/v2\/posts"}],"about":[{"href":"https:\/\/www2.comunitaria.com.br\/en\/wp-json\/wp\/v2\/types\/post"}],"author":[{"embeddable":true,"href":"https:\/\/www2.comunitaria.com.br\/en\/wp-json\/wp\/v2\/users\/2"}],"replies":[{"embeddable":true,"href":"https:\/\/www2.comunitaria.com.br\/en\/wp-json\/wp\/v2\/comments?post=34711"}],"version-history":[{"count":0,"href":"https:\/\/www2.comunitaria.com.br\/en\/wp-json\/wp\/v2\/posts\/34711\/revisions"}],"wp:featuredmedia":[{"embeddable":true,"href":"https:\/\/www2.comunitaria.com.br\/en\/wp-json\/wp\/v2\/media\/34712"}],"wp:attachment":[{"href":"https:\/\/www2.comunitaria.com.br\/en\/wp-json\/wp\/v2\/media?parent=34711"}],"wp:term":[{"taxonomy":"category","embeddable":true,"href":"https:\/\/www2.comunitaria.com.br\/en\/wp-json\/wp\/v2\/categories?post=34711"},{"taxonomy":"post_tag","embeddable":true,"href":"https:\/\/www2.comunitaria.com.br\/en\/wp-json\/wp\/v2\/tags?post=34711"}],"curies":[{"name":"wp","href":"https:\/\/api.w.org\/{rel}","templated":true}]}}