{"id":346,"date":"2014-11-10T16:09:24","date_gmt":"2014-11-10T18:09:24","guid":{"rendered":"http:\/\/www2.comunitaria.com.br\/?p=346"},"modified":"2014-11-11T17:14:04","modified_gmt":"2014-11-11T19:14:04","slug":"portaria-qualifica-uri-como-comunitaria","status":"publish","type":"post","link":"https:\/\/www2.comunitaria.com.br\/en\/portaria-qualifica-uri-como-comunitaria\/","title":{"rendered":"Portaria qualifica URI como comunit\u00e1ria"},"content":{"rendered":"<p style=\"text-align: justify;\">O Di\u00e1rio Oficial da Uni\u00e3o do dia 6 de novembro passado, publicou a Portaria 665 que qualifica a Universidade Regional Integrada do Alto Uruguai e das Miss\u00f5es \u2013 URI, mantida pela Funda\u00e7\u00e3o Regional Integrada \u2013 FuRI, como Institui\u00e7\u00e3o Comunit\u00e1ria de Educa\u00e7\u00e3o Superior (ICES). O reitor da URI, Luiz Mario Silveira Spinelli, observou que \u201c\u00e9 a afirma\u00e7\u00e3o daquilo que sempre defendemos, de como sempre nos apresentamos e agimos. Hoje, oficialmente de acordo com a legisla\u00e7\u00e3o educacional superior vigente no pa\u00eds, em \u00e2mbito federal, atrav\u00e9s do MEC, estamos qualificados definitivamente como uma universidade comunit\u00e1ria\u201d.<\/p>\n<p style=\"text-align: justify;\">O reitor ressaltou que, no entanto, para que isso fosse poss\u00edvel a URI teve que percorrer caminhos e atender exig\u00eancias inerentes \u00e0 regulamenta\u00e7\u00e3o das Comunit\u00e1rias.<\/p>\n<p style=\"text-align: justify;\">Recentemente a presidente Dilma Rousseff j\u00e1 havia sancionado a nova lei da C\u00e2mara dos Deputados que regulamenta o funcionamento das Institui\u00e7\u00f5es Comunit\u00e1rias de Educa\u00e7\u00e3o Superior (ICEs). No Rio Grande do Sul, as institui\u00e7\u00f5es s\u00e3o representadas pelo Cons\u00f3rcio das Universidades Comunit\u00e1rias Ga\u00fachas (Comung), que congrega 15 institui\u00e7\u00f5es de ensino superior.<\/p>\n<p style=\"text-align: justify;\">A partir de agora, a educa\u00e7\u00e3o superior passa a contar com tr\u00eas tipos de institui\u00e7\u00f5es: p\u00fablicas, comunit\u00e1rias e privadas\/particulares. Segundo o Comung, com o reconhecimento das institui\u00e7\u00f5es como comunit\u00e1rias, o governo permite a participa\u00e7\u00e3o destas na destina\u00e7\u00e3o de recursos or\u00e7ament\u00e1rios e em editais reservados para institui\u00e7\u00f5es p\u00fablicas, al\u00e9m de permitir conv\u00eanios com o governo sem intermedi\u00e1rios (prefeituras e governos estaduais).<\/p>\n<p style=\"text-align: justify;\">","protected":false},"excerpt":{"rendered":"<p>O Di\u00e1rio Oficial da Uni\u00e3o do dia 6 de novembro passado, publicou a Portaria 665 que qualifica a Universidade Regional Integrada do Alto Uruguai e das Miss\u00f5es \u2013 URI, mantida pela Funda\u00e7\u00e3o Regional Integrada \u2013 FuRI, como Institui\u00e7\u00e3o Comunit\u00e1ria de Educa\u00e7\u00e3o Superior (ICES). O reitor da URI, Luiz Mario Silveira Spinelli, observou que \u201c\u00e9 a<\/p>\n<div class=\"read-more-wrapper\"><a class=\"read-more\" href=\"https:\/\/www2.comunitaria.com.br\/en\/portaria-qualifica-uri-como-comunitaria\/\" title=\"Read More\"> <span class=\"button\">Read More<\/span><\/a><\/div>","protected":false},"author":2,"featured_media":348,"comment_status":"open","ping_status":"closed","sticky":false,"template":"","format":"standard","meta":{"ngg_post_thumbnail":0,"footnotes":""},"categories":[42,28,33],"tags":[142,143,141],"class_list":["post-346","post","type-post","status-publish","format-standard","has-post-thumbnail","hentry","category-fred-west","category-destaque","category-noticias","tag-comunitaria","tag-dilma-rousseff","tag-uri"],"amp_enabled":true,"_links":{"self":[{"href":"https:\/\/www2.comunitaria.com.br\/en\/wp-json\/wp\/v2\/posts\/346","targetHints":{"allow":["GET"]}}],"collection":[{"href":"https:\/\/www2.comunitaria.com.br\/en\/wp-json\/wp\/v2\/posts"}],"about":[{"href":"https:\/\/www2.comunitaria.com.br\/en\/wp-json\/wp\/v2\/types\/post"}],"author":[{"embeddable":true,"href":"https:\/\/www2.comunitaria.com.br\/en\/wp-json\/wp\/v2\/users\/2"}],"replies":[{"embeddable":true,"href":"https:\/\/www2.comunitaria.com.br\/en\/wp-json\/wp\/v2\/comments?post=346"}],"version-history":[{"count":0,"href":"https:\/\/www2.comunitaria.com.br\/en\/wp-json\/wp\/v2\/posts\/346\/revisions"}],"wp:featuredmedia":[{"embeddable":true,"href":"https:\/\/www2.comunitaria.com.br\/en\/wp-json\/wp\/v2\/media\/348"}],"wp:attachment":[{"href":"https:\/\/www2.comunitaria.com.br\/en\/wp-json\/wp\/v2\/media?parent=346"}],"wp:term":[{"taxonomy":"category","embeddable":true,"href":"https:\/\/www2.comunitaria.com.br\/en\/wp-json\/wp\/v2\/categories?post=346"},{"taxonomy":"post_tag","embeddable":true,"href":"https:\/\/www2.comunitaria.com.br\/en\/wp-json\/wp\/v2\/tags?post=346"}],"curies":[{"name":"wp","href":"https:\/\/api.w.org\/{rel}","templated":true}]}}