{"id":34586,"date":"2018-12-11T16:29:47","date_gmt":"2018-12-11T18:29:47","guid":{"rendered":"http:\/\/www2.comunitaria.com.br\/?p=34586"},"modified":"2018-12-11T16:29:49","modified_gmt":"2018-12-11T18:29:49","slug":"comercio-frederiquense-contara-com-horario-alternativo-de-natal","status":"publish","type":"post","link":"https:\/\/www2.comunitaria.com.br\/en\/comercio-frederiquense-contara-com-horario-alternativo-de-natal\/","title":{"rendered":"Com\u00e9rcio frederiquense contar\u00e1 com hor\u00e1rio alternativo de Natal"},"content":{"rendered":"<p style=\"text-align: justify;\">Em fun\u00e7\u00e3o da aproxima\u00e7\u00e3o das festividades de final de ano, a C\u00e2mara de Dirigentes Lojistas (CDL\/FW) e a Associa\u00e7\u00e3o Comercial Industrial e de Presta\u00e7\u00e3o de Servi\u00e7os de Frederico Westphalen (ACI\/FW) sugerem ao com\u00e9rcio do munic\u00edpio algumas datas com hor\u00e1rios diferenciados de atendimento. A partir do dia 18 de dezembro, as lojas devem abrir das 17h30 \u00e0s 21h30. Confira:<\/p>\n<p style=\"text-align: justify;\"><a href=\"http:\/\/www2.comunitaria.com.br\/en\/comercio-frederiquense-contara-com-horario-alternativo-de-natal\/nata-2018\/\" rel=\"attachment wp-att-34587\"><img loading=\"lazy\" decoding=\"async\" class=\"size-full wp-image-34587 aligncenter\" src=\"http:\/\/www2.comunitaria.com.br\/wp-content\/uploads\/2018\/12\/Nata-2018.jpeg\" alt=\"\" width=\"723\" height=\"779\" srcset=\"https:\/\/www2.comunitaria.com.br\/wp-content\/uploads\/2018\/12\/Nata-2018.jpeg 723w, https:\/\/www2.comunitaria.com.br\/wp-content\/uploads\/2018\/12\/Nata-2018-278x300.jpeg 278w\" sizes=\"auto, (max-width: 723px) 100vw, 723px\" \/><\/a><\/p>\n<p style=\"text-align: justify;\">A direa\u00e7\u00e3o da CDL destaca que estas datas e hor\u00e1rios s\u00e3o sugest\u00f5es, e \u00e9 op\u00e7\u00e3o de cada comerciante aderir&nbsp;ou n\u00e3o a&nbsp;esse hor\u00e1rio alternativo. D\u00favidas e sugest\u00f5es&nbsp;podem ser tratadas com a CDL\/FW (3774-4841) ou ACI (3744-4244).<\/p>\n<p style=\"text-align: justify;\">&nbsp;<\/p>\n<p style=\"text-align: justify;\">&nbsp;<\/p>","protected":false},"excerpt":{"rendered":"<p>Em fun\u00e7\u00e3o da aproxima\u00e7\u00e3o das festividades de final de ano, a C\u00e2mara de Dirigentes Lojistas (CDL\/FW) e a Associa\u00e7\u00e3o Comercial Industrial e de Presta\u00e7\u00e3o de Servi\u00e7os de Frederico Westphalen (ACI\/FW) sugerem ao com\u00e9rcio do munic\u00edpio algumas datas com hor\u00e1rios diferenciados de atendimento. A partir do dia 18 de dezembro, as lojas devem abrir das 17h30<\/p>\n<div class=\"read-more-wrapper\"><a class=\"read-more\" href=\"https:\/\/www2.comunitaria.com.br\/en\/comercio-frederiquense-contara-com-horario-alternativo-de-natal\/\" title=\"Read More\"> <span class=\"button\">Read More<\/span><\/a><\/div>","protected":false},"author":2,"featured_media":34588,"comment_status":"open","ping_status":"closed","sticky":false,"template":"","format":"standard","meta":{"ngg_post_thumbnail":0,"footnotes":""},"categories":[42,28,33,35],"tags":[410,82,2238,287,1165],"class_list":["post-34586","post","type-post","status-publish","format-standard","has-post-thumbnail","hentry","category-fred-west","category-destaque","category-noticias","category-variedades","tag-comercio","tag-frederico-westphalen","tag-horario","tag-natal","tag-variedades"],"amp_enabled":true,"_links":{"self":[{"href":"https:\/\/www2.comunitaria.com.br\/en\/wp-json\/wp\/v2\/posts\/34586","targetHints":{"allow":["GET"]}}],"collection":[{"href":"https:\/\/www2.comunitaria.com.br\/en\/wp-json\/wp\/v2\/posts"}],"about":[{"href":"https:\/\/www2.comunitaria.com.br\/en\/wp-json\/wp\/v2\/types\/post"}],"author":[{"embeddable":true,"href":"https:\/\/www2.comunitaria.com.br\/en\/wp-json\/wp\/v2\/users\/2"}],"replies":[{"embeddable":true,"href":"https:\/\/www2.comunitaria.com.br\/en\/wp-json\/wp\/v2\/comments?post=34586"}],"version-history":[{"count":0,"href":"https:\/\/www2.comunitaria.com.br\/en\/wp-json\/wp\/v2\/posts\/34586\/revisions"}],"wp:featuredmedia":[{"embeddable":true,"href":"https:\/\/www2.comunitaria.com.br\/en\/wp-json\/wp\/v2\/media\/34588"}],"wp:attachment":[{"href":"https:\/\/www2.comunitaria.com.br\/en\/wp-json\/wp\/v2\/media?parent=34586"}],"wp:term":[{"taxonomy":"category","embeddable":true,"href":"https:\/\/www2.comunitaria.com.br\/en\/wp-json\/wp\/v2\/categories?post=34586"},{"taxonomy":"post_tag","embeddable":true,"href":"https:\/\/www2.comunitaria.com.br\/en\/wp-json\/wp\/v2\/tags?post=34586"}],"curies":[{"name":"wp","href":"https:\/\/api.w.org\/{rel}","templated":true}]}}