{"id":34536,"date":"2018-12-03T14:02:39","date_gmt":"2018-12-03T16:02:39","guid":{"rendered":"http:\/\/www2.comunitaria.com.br\/?p=34536"},"modified":"2018-12-03T14:02:39","modified_gmt":"2018-12-03T16:02:39","slug":"administracao-municipal-retifica-edital-das-creches","status":"publish","type":"post","link":"https:\/\/www2.comunitaria.com.br\/en\/administracao-municipal-retifica-edital-das-creches\/","title":{"rendered":"Administra\u00e7\u00e3o Municipal retifica edital das creches"},"content":{"rendered":"<p style=\"text-align: justify;\"><span style=\"font-weight: 400;\">A Administra\u00e7\u00e3o Municipal, atrav\u00e9s da Secretaria Municipal de Educa\u00e7\u00e3o e Cultura, publicou na \u00faltima sexta-feira, 30, a retifica\u00e7\u00e3o do edital n\u00ba 45\/2018, que estabelece os procedimentos de cadastro para a realiza\u00e7\u00e3o de pr\u00e9-matr\u00edculas e matr\u00edculas, bem como estabelece diretrizes relacionadas a distribui\u00e7\u00e3o das vagas dispon\u00edveis nas creches de Frederico Westphalen. Esta retifica\u00e7\u00e3o atende a recomenda\u00e7\u00e3o do Minist\u00e9rio P\u00fablico Estadual e busca regulamentar as pol\u00edticas p\u00fablicas, para o melhor pr\u00e9stimo de servi\u00e7o p\u00fablico principalmente no que diz respeito \u00e0 educa\u00e7\u00e3o das crian\u00e7as, respeitando a justi\u00e7a social.<\/span><\/p>\n<p style=\"text-align: justify;\"><span style=\"font-weight: 400;\">A retifica\u00e7\u00e3o foi elaborada a partir das defini\u00e7\u00f5es, ap\u00f3s audi\u00eancia p\u00fablica realizada no dia 27, ter\u00e7a-feira, entre pais de alunos, Administra\u00e7\u00e3o Municipal e Minist\u00e9rio P\u00fablico. As principais altera\u00e7\u00f5es est\u00e3o relacionadas \u00e0 documenta\u00e7\u00e3o necess\u00e1ria para efetuar o cadastro, ficando exclu\u00edda a obrigatoriedade de apresentar a Declara\u00e7\u00e3o de Imposto de Renda e, tamb\u00e9m, a dispensa do reconhecimento de firma nas Declara\u00e7\u00f5es e demais documentos, por for\u00e7a da Lei n\u00ba13.726\/18.<\/span><\/p>\n<p style=\"text-align: justify;\"><span style=\"font-weight: 400;\">Outra mudan\u00e7a, diz respeito ao item \u201czoneamento\u201d, onde, haver\u00e1 a possibilidade de ren\u00fancia a este crit\u00e9rio, com escolha de outra escola de prefer\u00eancia, contudo, os respons\u00e1veis legais que optarem pela ren\u00fancia, dever\u00e3o estar cientes do disposto no Edital acerca das vagas nas escola eleitas.<\/span><\/p>\n<p style=\"text-align: justify;\"><span style=\"font-weight: 400;\">Primando pela transpar\u00eancia, ficou definido tamb\u00e9m, que dois representantes indicados pelo Conselho de Pais e Mestres (CPM) das Escolas Municipais de Educa\u00e7\u00e3o Infantil (Emeis), atuar\u00e3o como fiscais durante a an\u00e1lise dos documentos pela Comiss\u00e3o de Matr\u00edcula.<\/span><\/p>\n<p style=\"text-align: justify;\"><span style=\"font-weight: 400;\">Os cadastros poder\u00e3o ser realizados na unidade da Rede Municipal de Ensino mais pr\u00f3xima da resid\u00eancia do interessado, e os endere\u00e7os est\u00e3o dispon\u00edveis&nbsp;<\/span><a href=\"https:\/\/www.fredericowestphalen-rs.com.br\/secretaria\/11\/secretaria-da-educacao-e-cultura\"><span style=\"font-weight: 400;\">AQUI<\/span><\/a><span style=\"font-weight: 400;\">.&nbsp;&nbsp;<\/span><\/p>\n<p style=\"text-align: justify;\"><span style=\"font-weight: 400;\">O per\u00edodo para a realiza\u00e7\u00e3o do cadastro ser\u00e1 entre os dias 26 de novembro e 14 de dezembro de 2018, das 7h30min \u00e0s 17h30min, e a divulga\u00e7\u00e3o do resultado de classifica\u00e7\u00e3o ser\u00e1 realizada no mural de cada unidade escolar, na Secretaria Municipal de Educa\u00e7\u00e3o, e pelo site oficial da prefeitura: fredericowestphalen-rs.com.br, at\u00e9 o dia 15 de janeiro de 2019.<\/span><\/p>\n<p style=\"text-align: justify;\"><span style=\"font-weight: 400;\">Informa\u00e7\u00f5es detalhadas podem ser encontradas diretamente no edital n\u00ba 45\/2018 e, tamb\u00e9m no Edital Retificativo n\u00ba47\/2018, &nbsp;<\/span><a href=\"https:\/\/www.fredericowestphalen-rs.com.br\/edital\/27\/processo-de-cadastro-de-prematriculas-e-matriculas-para-os-alunos-na-educacao-infantil-ndash-creche-nas-unidades-escolares-de-educacao-infantil-da-rede-municipal-de-ensino-de-frederico-westphalenrs\"><span style=\"font-weight: 400;\">clicando aqui<\/span><\/a><span style=\"font-weight: 400;\">.&nbsp;<\/span><span style=\"font-weight: 400;\">Mais informa\u00e7\u00f5es podem ser obtidas diretamente na Secretaria Municipal da Educa\u00e7\u00e3o e Cultura ou pelo telefone 3744-5017 ou 3744-6807.&nbsp;<\/span><\/p>\n<p><em>ASCOM &#8211; Prefeitura Frederico Westphalen<\/em><\/p>","protected":false},"excerpt":{"rendered":"<p>A Administra\u00e7\u00e3o Municipal, atrav\u00e9s da Secretaria Municipal de Educa\u00e7\u00e3o e Cultura, publicou na \u00faltima sexta-feira, 30, a retifica\u00e7\u00e3o do edital n\u00ba 45\/2018, que estabelece os procedimentos de cadastro para a realiza\u00e7\u00e3o de pr\u00e9-matr\u00edculas e matr\u00edculas, bem como estabelece diretrizes relacionadas a distribui\u00e7\u00e3o das vagas dispon\u00edveis nas creches de Frederico Westphalen. Esta retifica\u00e7\u00e3o atende a recomenda\u00e7\u00e3o<\/p>\n<div class=\"read-more-wrapper\"><a class=\"read-more\" href=\"https:\/\/www2.comunitaria.com.br\/en\/administracao-municipal-retifica-edital-das-creches\/\" title=\"Read More\"> <span class=\"button\">Read More<\/span><\/a><\/div>","protected":false},"author":2,"featured_media":34537,"comment_status":"open","ping_status":"closed","sticky":false,"template":"","format":"standard","meta":{"ngg_post_thumbnail":0,"footnotes":""},"categories":[44,42,28,33],"tags":[3670,1279,413,82,127],"class_list":["post-34536","post","type-post","status-publish","format-standard","has-post-thumbnail","hentry","category-educacao","category-fred-west","category-destaque","category-noticias","tag-creches","tag-edital","tag-educacao-2","tag-frederico-westphalen","tag-vagas"],"amp_enabled":true,"_links":{"self":[{"href":"https:\/\/www2.comunitaria.com.br\/en\/wp-json\/wp\/v2\/posts\/34536","targetHints":{"allow":["GET"]}}],"collection":[{"href":"https:\/\/www2.comunitaria.com.br\/en\/wp-json\/wp\/v2\/posts"}],"about":[{"href":"https:\/\/www2.comunitaria.com.br\/en\/wp-json\/wp\/v2\/types\/post"}],"author":[{"embeddable":true,"href":"https:\/\/www2.comunitaria.com.br\/en\/wp-json\/wp\/v2\/users\/2"}],"replies":[{"embeddable":true,"href":"https:\/\/www2.comunitaria.com.br\/en\/wp-json\/wp\/v2\/comments?post=34536"}],"version-history":[{"count":0,"href":"https:\/\/www2.comunitaria.com.br\/en\/wp-json\/wp\/v2\/posts\/34536\/revisions"}],"wp:featuredmedia":[{"embeddable":true,"href":"https:\/\/www2.comunitaria.com.br\/en\/wp-json\/wp\/v2\/media\/34537"}],"wp:attachment":[{"href":"https:\/\/www2.comunitaria.com.br\/en\/wp-json\/wp\/v2\/media?parent=34536"}],"wp:term":[{"taxonomy":"category","embeddable":true,"href":"https:\/\/www2.comunitaria.com.br\/en\/wp-json\/wp\/v2\/categories?post=34536"},{"taxonomy":"post_tag","embeddable":true,"href":"https:\/\/www2.comunitaria.com.br\/en\/wp-json\/wp\/v2\/tags?post=34536"}],"curies":[{"name":"wp","href":"https:\/\/api.w.org\/{rel}","templated":true}]}}