{"id":34519,"date":"2018-12-03T09:11:56","date_gmt":"2018-12-03T11:11:56","guid":{"rendered":"http:\/\/www2.comunitaria.com.br\/?p=34519"},"modified":"2018-12-03T09:15:38","modified_gmt":"2018-12-03T11:15:38","slug":"prorrogado-prazo-para-vacinacao-do-rebanho-contra-febre-aftosa-no-rs","status":"publish","type":"post","link":"https:\/\/www2.comunitaria.com.br\/en\/prorrogado-prazo-para-vacinacao-do-rebanho-contra-febre-aftosa-no-rs\/","title":{"rendered":"Prorrogado prazo para vacina\u00e7\u00e3o do rebanho contra febre aftosa no RS"},"content":{"rendered":"<p style=\"text-align: justify;\">O prazo para a vacina\u00e7\u00e3o contra a febre aftosa foi prorrogado para o dia 10 de dezembro. A prorroga\u00e7\u00e3o aconteceu em fun\u00e7\u00e3o da falta da vacina no com\u00e9rcio agropecu\u00e1rio de algumas regi\u00f5es do estado. Nem mesmo as distribuidoras tinham o produto para comercializa\u00e7\u00e3o.<\/p>\n<p style=\"text-align: justify;\">A coordenadora do Programa de Combate \u00e0 Febre Aftosa no RS,&nbsp;Grazziane Rigon explicou que&nbsp;a falta ocorreu porque, a partir do ano que vem, a vacina sofrer\u00e1 altera\u00e7\u00e3o. Com isso, as agropecu\u00e1rias compraram poucos produtos, temendo ter que se desfazer dos estoques que n\u00e3o ter\u00e3o mais validade em 2019.<\/p>\n<p style=\"text-align: justify;\"><strong>Mudan\u00e7a na dosagem<\/strong><\/p>\n<p style=\"text-align: justify;\">A rea\u00e7\u00e3o vacinal da atual dosagem provocava n\u00f3dulos e inflama\u00e7\u00f5es no local da aplica\u00e7\u00e3o. Para reduzir esses efeitos, o Minist\u00e9rio da Agricultura estipulou uma altera\u00e7\u00e3o na dose, que visa proteger o rebanho de rea\u00e7\u00f5es adversas.<\/p>\n<p style=\"text-align: justify;\"><strong>Vacina \u00e9 obrigat\u00f3ria at\u00e9 2021<\/strong><\/p>\n<p style=\"text-align: justify;\">Grazziane Rigon&nbsp;ressaltou a import\u00e2ncia da vacina\u00e7\u00e3o e explicou que o Minist\u00e9rio da Agricultura tem um planejamento para a retirada da vacina. O prazo para o Rio Grande do Sul \u00e9 2021.<\/p>\n<p style=\"text-align: justify;\">Na campanha deste ano, o estado j\u00e1 vacinou 60% do rebanho. Esse n\u00famero deve ser maior, porque os pecuaristas tinham at\u00e9 o dia 7 de dezembro para comprovar a vacina\u00e7\u00e3o. Com a amplia\u00e7\u00e3o do prazo para a vacina at\u00e9 o dia 10 de dezembro, a data para a comprova\u00e7\u00e3o tamb\u00e9m se estende e vai at\u00e9 o dia 17.<\/p>\n<p><em>Portal RS<\/em><\/p>","protected":false},"excerpt":{"rendered":"<p>O prazo para a vacina\u00e7\u00e3o contra a febre aftosa foi prorrogado para o dia 10 de dezembro. A prorroga\u00e7\u00e3o aconteceu em fun\u00e7\u00e3o da falta da vacina no com\u00e9rcio agropecu\u00e1rio de&#8230;<\/p>","protected":false},"author":2,"featured_media":34521,"comment_status":"open","ping_status":"closed","sticky":false,"template":"","format":"standard","meta":{"ngg_post_thumbnail":0,"footnotes":""},"categories":[46,33,45],"tags":[129,738,519,2848,479,56],"class_list":["post-34519","post","type-post","status-publish","format-standard","has-post-thumbnail","hentry","category-estado","category-noticias","category-rural","tag-aftosa","tag-animais","tag-estado-2","tag-febre-aftosa","tag-rural-2","tag-vacinacao"],"amp_enabled":true,"_links":{"self":[{"href":"https:\/\/www2.comunitaria.com.br\/en\/wp-json\/wp\/v2\/posts\/34519","targetHints":{"allow":["GET"]}}],"collection":[{"href":"https:\/\/www2.comunitaria.com.br\/en\/wp-json\/wp\/v2\/posts"}],"about":[{"href":"https:\/\/www2.comunitaria.com.br\/en\/wp-json\/wp\/v2\/types\/post"}],"author":[{"embeddable":true,"href":"https:\/\/www2.comunitaria.com.br\/en\/wp-json\/wp\/v2\/users\/2"}],"replies":[{"embeddable":true,"href":"https:\/\/www2.comunitaria.com.br\/en\/wp-json\/wp\/v2\/comments?post=34519"}],"version-history":[{"count":0,"href":"https:\/\/www2.comunitaria.com.br\/en\/wp-json\/wp\/v2\/posts\/34519\/revisions"}],"wp:featuredmedia":[{"embeddable":true,"href":"https:\/\/www2.comunitaria.com.br\/en\/wp-json\/wp\/v2\/media\/34521"}],"wp:attachment":[{"href":"https:\/\/www2.comunitaria.com.br\/en\/wp-json\/wp\/v2\/media?parent=34519"}],"wp:term":[{"taxonomy":"category","embeddable":true,"href":"https:\/\/www2.comunitaria.com.br\/en\/wp-json\/wp\/v2\/categories?post=34519"},{"taxonomy":"post_tag","embeddable":true,"href":"https:\/\/www2.comunitaria.com.br\/en\/wp-json\/wp\/v2\/tags?post=34519"}],"curies":[{"name":"wp","href":"https:\/\/api.w.org\/{rel}","templated":true}]}}