{"id":34487,"date":"2018-11-28T16:43:24","date_gmt":"2018-11-28T18:43:24","guid":{"rendered":"http:\/\/www2.comunitaria.com.br\/?p=34487"},"modified":"2018-11-28T16:43:24","modified_gmt":"2018-11-28T18:43:24","slug":"sicredi-promove-evento-comemorativo-interno-aos-colaboradores-e-familiares","status":"publish","type":"post","link":"https:\/\/www2.comunitaria.com.br\/en\/sicredi-promove-evento-comemorativo-interno-aos-colaboradores-e-familiares\/","title":{"rendered":"Sicredi promove evento comemorativo interno aos colaboradores e familiares"},"content":{"rendered":"<p style=\"text-align: justify;\"><span style=\"font-weight: 400;\">As pontua\u00e7\u00f5es recordes da escolha pelo 8\u00ba ano consecutivo, como uma das \u201c150 melhores empresas para se trabalhar no Brasil\u201d, foram comemoradas por colaboradores e familiares da Sicredi Alto Uruguai RS\/SC\/MG, no \u00faltimo dia 27. <\/span><\/p>\n<p style=\"text-align: justify;\"><span style=\"font-weight: 400;\">O evento interno para mais de 550 pessoas que contou com a presen\u00e7a de autoridades, ocorreu no Sal\u00e3o de Ato das URI\/FW e teve a fala do presidente-executivo do Banco Cooperativo Sicredi, Jo\u00e3o Tavares e do palestrante, que foi relevado somente no momento da atividade, o radialista e escritor, Marcos Piangers. <\/span><\/p>\n<p style=\"text-align: justify;\"><span style=\"font-weight: 400;\">O Presidente da Sicredi Alto Uruguai RS\/SC\/MG, Eugenio Poltronieri, destacou, durante a abertura, a import\u00e2ncia da inser\u00e7\u00e3o social da cooperativa. Nesta mesma perspectiva, Marcos Piangers, acrescentou os valores e do contato pr\u00f3ximo do Sicredi com as comunidades onde atua. \u201cFico sempre muito agradecido pelo carinho recebido pelos colaboradores do Sicredi, e emocionado, por perceber uma cooperativa que trabalha com a verdade, com a ideia de que de fato \u00e9 poss\u00edvel fazer a diferen\u00e7a no mundo, causar transforma\u00e7\u00f5es e sobretudo, pelos resultados serem destinados tamb\u00e9m para o desenvolvimento regional, e para o desenvolvimento dos profissionais e colaboradores. O Sicredi \u00e9 uma empresa familiar, que preza por valores, pelo contato, a valoriza\u00e7\u00e3o do tempo com as pessoas que amamos. \u00c9 uma empresa de fato comprometida com o que importa na vida\u201d. <\/span><\/p>\n<p style=\"text-align: justify;\"><span style=\"font-weight: 400;\">Jo\u00e3o Tavares afirmou que ser escolhido pela 8\u00aa vez consecutiva como uma das melhores empresas \u00e9 um marco important\u00edssimo. \u201cPoder participar do desenvolvimento das nossas comunidades traz um prop\u00f3sito para os colaboradores. Falamos durante o evento sobre diversos assuntos, e dentre eles, tecnologia. Temos estrategicamente definido, que mesmo com todas as inova\u00e7\u00f5es, estaremos presentes, pr\u00f3ximos e envolvidos com as comunidades.\u201d<\/span><\/p>\n<p style=\"text-align: justify;\"><em><span style=\"font-weight: 400;\"> Sicredi Alto Uruguai RS\/SC\/MG <\/span><\/em><\/p>","protected":false},"excerpt":{"rendered":"<p>As pontua\u00e7\u00f5es recordes da escolha pelo 8\u00ba ano consecutivo, como uma das \u201c150 melhores empresas para se trabalhar no Brasil\u201d, foram comemoradas por colaboradores e familiares da Sicredi Alto Uruguai&#8230;<\/p>","protected":false},"author":2,"featured_media":34488,"comment_status":"open","ping_status":"closed","sticky":false,"template":"","format":"standard","meta":{"ngg_post_thumbnail":0,"footnotes":""},"categories":[42,33,35],"tags":[1605,1348,82,218,1165],"class_list":["post-34487","post","type-post","status-publish","format-standard","has-post-thumbnail","hentry","category-fred-west","category-noticias","category-variedades","tag-comemoracao","tag-evento","tag-frederico-westphalen","tag-sicredi","tag-variedades"],"amp_enabled":true,"_links":{"self":[{"href":"https:\/\/www2.comunitaria.com.br\/en\/wp-json\/wp\/v2\/posts\/34487","targetHints":{"allow":["GET"]}}],"collection":[{"href":"https:\/\/www2.comunitaria.com.br\/en\/wp-json\/wp\/v2\/posts"}],"about":[{"href":"https:\/\/www2.comunitaria.com.br\/en\/wp-json\/wp\/v2\/types\/post"}],"author":[{"embeddable":true,"href":"https:\/\/www2.comunitaria.com.br\/en\/wp-json\/wp\/v2\/users\/2"}],"replies":[{"embeddable":true,"href":"https:\/\/www2.comunitaria.com.br\/en\/wp-json\/wp\/v2\/comments?post=34487"}],"version-history":[{"count":0,"href":"https:\/\/www2.comunitaria.com.br\/en\/wp-json\/wp\/v2\/posts\/34487\/revisions"}],"wp:featuredmedia":[{"embeddable":true,"href":"https:\/\/www2.comunitaria.com.br\/en\/wp-json\/wp\/v2\/media\/34488"}],"wp:attachment":[{"href":"https:\/\/www2.comunitaria.com.br\/en\/wp-json\/wp\/v2\/media?parent=34487"}],"wp:term":[{"taxonomy":"category","embeddable":true,"href":"https:\/\/www2.comunitaria.com.br\/en\/wp-json\/wp\/v2\/categories?post=34487"},{"taxonomy":"post_tag","embeddable":true,"href":"https:\/\/www2.comunitaria.com.br\/en\/wp-json\/wp\/v2\/tags?post=34487"}],"curies":[{"name":"wp","href":"https:\/\/api.w.org\/{rel}","templated":true}]}}