{"id":34382,"date":"2018-11-22T15:04:06","date_gmt":"2018-11-22T17:04:06","guid":{"rendered":"http:\/\/www2.comunitaria.com.br\/?p=34382"},"modified":"2018-11-22T15:07:45","modified_gmt":"2018-11-22T17:07:45","slug":"acao-para-descarte-correto-de-medicamentos-acontece-neste-sabado","status":"publish","type":"post","link":"https:\/\/www2.comunitaria.com.br\/en\/acao-para-descarte-correto-de-medicamentos-acontece-neste-sabado\/","title":{"rendered":"A\u00e7\u00e3o para descarte correto de medicamentos acontece neste s\u00e1bado"},"content":{"rendered":"<div class=\"entry-content\">\n<p style=\"text-align: justify;\">O consumo de medicamentos vencidos pode trazer uma s\u00e9rie de riscos, entre eles a intoxica\u00e7\u00e3o. Ao terminar um tratamento, a melhor coisa \u00e9 descartar os medicamentos que sobraram. Pensando na dificuldade que as pessoas t\u00eam em saber como descartar corretamente os medicamentos que est\u00e3o vencidos ou sem utilidade em casa, o Rotaract Frederico Westphalen realizar\u00e1 no pr\u00f3ximo s\u00e1bado, 24, mais uma edi\u00e7\u00e3o da campanha Destino Correto, no cal\u00e7ad\u00e3o da pra\u00e7a da Matriz.<\/p>\n<p style=\"text-align: justify;\">A iniciativa para a realiza\u00e7\u00e3o da campanha de arrecada\u00e7\u00e3o de medicamentos, surgiu ap\u00f3s os companheiros do clube de servi\u00e7os pensarem sobre o tema como explica a idealizadora do projeto, a presidente do Rotaract Gabriela Haubert Saraiva: \u201cA ideia surgiu quando vi uma reportagem na televis\u00e3o no ano de 2016, sobre os danos que o descarte incorreto de medicamentos pode causar ao meio ambiente. Percebi que boa parte da popula\u00e7\u00e3o n\u00e3o tem essa preocupa\u00e7\u00e3o. Ent\u00e3o conversei como o pessoal do clube e juntos resolvemos criar a campanha Destino Correto para conscientizar a comunidade frederiquense para que juntos, possamos evitar esses danos ao meio ambiente\u201d, destacou Gabriela.<\/p>\n<p style=\"text-align: justify;\">Na primeira edi\u00e7\u00e3o em 2016, a comunidade aderiu \u00e0 campanha e foram coletados mais de 22 quilos de medicamentos entre comprimidos, p\u00edlulas, rem\u00e9dios l\u00edquidos e pomadas em dois dias de coleta no centro da cidade. Em seguida, uma empresa especializada no descarte do desse tipo de lixo veio at\u00e9 Frederico para buscar o material.<\/p>\n<p style=\"text-align: justify;\">A participa\u00e7\u00e3o do clube na conscientiza\u00e7\u00e3o da comunidade, \u00e9 considerada fundamental para Gabriela: \u201cA falta de preocupa\u00e7\u00e3o e de cuidado das pessoas com esse problema social, do descarte incorreto dos medicamentos deve ser tratado, pela comunidade, o trabalho do Rotaract \u00e9 fundamental na inten\u00e7\u00e3o de conscientizar as pessoas a terem cuidado especial com esse tipo de lixo, pois pode causar contamina\u00e7\u00e3o no solo e na \u00e1gua se n\u00e3o for descartado corretamente\u201d, enfatizou a presidente.&nbsp;&nbsp;<\/p>\n<p style=\"text-align: justify;\"><strong><em>Como vai funcionar a segunda edi\u00e7\u00e3o da campanha:<\/em><\/strong><\/p>\n<p style=\"text-align: justify;\">Neste s\u00e1bado, 24, os rotaractianos estar\u00e3o na Pra\u00e7a da Matriz coletando os medicamentos da comunidade. Na oportunidade ser\u00e3o coletados comprimidos, pastilhas, pomadas e rem\u00e9dios l\u00edquidos. Al\u00e9m do posto de coleta na pra\u00e7a, as farm\u00e1cias do munic\u00edpio tamb\u00e9m recebem esses medicamentos para que possam ser recolhidos por empresas especializadas neste tipo de coleta.<\/p>\n<p><em>Foto: divulga\u00e7\u00e3o<\/em><\/p>\n<\/div>","protected":false},"excerpt":{"rendered":"<p>O consumo de medicamentos vencidos pode trazer uma s\u00e9rie de riscos, entre eles a intoxica\u00e7\u00e3o. Ao terminar um tratamento, a melhor coisa \u00e9 descartar os medicamentos que sobraram. Pensando na dificuldade que as pessoas t\u00eam em saber como descartar corretamente os medicamentos que est\u00e3o vencidos ou sem utilidade em casa, o Rotaract Frederico Westphalen realizar\u00e1<\/p>\n<div class=\"read-more-wrapper\"><a class=\"read-more\" href=\"https:\/\/www2.comunitaria.com.br\/en\/acao-para-descarte-correto-de-medicamentos-acontece-neste-sabado\/\" title=\"Read More\"> <span class=\"button\">Read More<\/span><\/a><\/div>","protected":false},"author":2,"featured_media":34383,"comment_status":"open","ping_status":"closed","sticky":false,"template":"","format":"standard","meta":{"ngg_post_thumbnail":0,"footnotes":""},"categories":[42,33,37],"tags":[1523,60,944,175],"class_list":["post-34382","post","type-post","status-publish","format-standard","has-post-thumbnail","hentry","category-fred-west","category-noticias","category-saude","tag-acao","tag-campanha","tag-medicamentos","tag-saude-2"],"amp_enabled":true,"_links":{"self":[{"href":"https:\/\/www2.comunitaria.com.br\/en\/wp-json\/wp\/v2\/posts\/34382","targetHints":{"allow":["GET"]}}],"collection":[{"href":"https:\/\/www2.comunitaria.com.br\/en\/wp-json\/wp\/v2\/posts"}],"about":[{"href":"https:\/\/www2.comunitaria.com.br\/en\/wp-json\/wp\/v2\/types\/post"}],"author":[{"embeddable":true,"href":"https:\/\/www2.comunitaria.com.br\/en\/wp-json\/wp\/v2\/users\/2"}],"replies":[{"embeddable":true,"href":"https:\/\/www2.comunitaria.com.br\/en\/wp-json\/wp\/v2\/comments?post=34382"}],"version-history":[{"count":0,"href":"https:\/\/www2.comunitaria.com.br\/en\/wp-json\/wp\/v2\/posts\/34382\/revisions"}],"wp:featuredmedia":[{"embeddable":true,"href":"https:\/\/www2.comunitaria.com.br\/en\/wp-json\/wp\/v2\/media\/34383"}],"wp:attachment":[{"href":"https:\/\/www2.comunitaria.com.br\/en\/wp-json\/wp\/v2\/media?parent=34382"}],"wp:term":[{"taxonomy":"category","embeddable":true,"href":"https:\/\/www2.comunitaria.com.br\/en\/wp-json\/wp\/v2\/categories?post=34382"},{"taxonomy":"post_tag","embeddable":true,"href":"https:\/\/www2.comunitaria.com.br\/en\/wp-json\/wp\/v2\/tags?post=34382"}],"curies":[{"name":"wp","href":"https:\/\/api.w.org\/{rel}","templated":true}]}}