{"id":34317,"date":"2018-11-16T16:37:41","date_gmt":"2018-11-16T18:37:41","guid":{"rendered":"http:\/\/www2.comunitaria.com.br\/?p=34317"},"modified":"2018-11-19T09:08:49","modified_gmt":"2018-11-19T11:08:49","slug":"trabalho-duro-e-foco-as-marcas-de-rodrigo-bandeira","status":"publish","type":"post","link":"https:\/\/www2.comunitaria.com.br\/en\/trabalho-duro-e-foco-as-marcas-de-rodrigo-bandeira\/","title":{"rendered":"Trabalho duro e foco: As marcas de Rodrigo Bandeira"},"content":{"rendered":"<p style=\"text-align: justify;\">Um velho conhecido do torcedor est\u00e1 de volta \u00e0 casamata do Uni\u00e3o&nbsp;Frederiquense. O clube acertou o retorno do t\u00e9cnico Rodrigo Bandeira, o qual ir\u00e1&nbsp;comandar o Le\u00e3o da Colina na Divis\u00e3o de Acesso de 2019.<\/p>\n<p style=\"text-align: justify;\">Al\u00e9m de ter sido o primeiro t\u00e9cnico da hist\u00f3ria do Uni\u00e3o, Rodrigo Bandeira foi o&nbsp;treinador na inesquec\u00edvel conquista do acesso em 2014. E em 2015, foi Bandeira&nbsp;quem deu os primeiros passos junto com o clube na elite ga\u00facha.<\/p>\n<p style=\"text-align: justify;\">Outra marca: Rodrigo Bandeira \u00e9 o t\u00e9cnico que mais esteve presente na casamata&nbsp;do Le\u00e3o da Colina, atuando nas temporadas de 2011, 2012, 2014 e 2015. At\u00e9&nbsp;hoje foram 90 jogos, sendo 81 oficiais e nove amistosos.<\/p>\n<p style=\"text-align: justify;\">Em entrevista para a R\u00e1dio Comunit\u00e1ria, Bandeira comentou como se deu a negocia\u00e7\u00e3o para seu retorno ao clube e falou sobre o que pretende realizar em seu trabalho:&nbsp;<\/p>\n<!--[if lt IE 9]><script>document.createElement('audio');<\/script><![endif]-->\n<audio class=\"wp-audio-shortcode\" id=\"audio-34317-1\" preload=\"none\" style=\"width: 100%;\" controls=\"controls\"><source type=\"audio\/mpeg\" src=\"http:\/\/www2.comunitaria.com.br\/wp-content\/uploads\/2018\/11\/bandeira-2.mp3?_=1\" \/><a href=\"http:\/\/www2.comunitaria.com.br\/wp-content\/uploads\/2018\/11\/bandeira-2.mp3\">http:\/\/www2.comunitaria.com.br\/wp-content\/uploads\/2018\/11\/bandeira-2.mp3<\/a><\/audio>\n<p style=\"text-align: justify;\">Em breve ser\u00e1 anunciado o restante da comiss\u00e3o t\u00e9cnica, juntamente com os&nbsp;primeiros refor\u00e7os para a disputa da Divis\u00e3o de Acesso do pr\u00f3ximo ano.&nbsp;<\/p>","protected":false},"excerpt":{"rendered":"<p>Um velho conhecido do torcedor est\u00e1 de volta \u00e0 casamata do Uni\u00e3o&nbsp;Frederiquense. O clube acertou o retorno do t\u00e9cnico Rodrigo Bandeira, o qual ir\u00e1&nbsp;comandar o Le\u00e3o da Colina na Divis\u00e3o de Acesso de 2019. Al\u00e9m de ter sido o primeiro t\u00e9cnico da hist\u00f3ria do Uni\u00e3o, Rodrigo Bandeira foi o&nbsp;treinador na inesquec\u00edvel conquista do acesso em<\/p>\n<div class=\"read-more-wrapper\"><a class=\"read-more\" href=\"https:\/\/www2.comunitaria.com.br\/en\/trabalho-duro-e-foco-as-marcas-de-rodrigo-bandeira\/\" title=\"Read More\"> <span class=\"button\">Read More<\/span><\/a><\/div>","protected":false},"author":2,"featured_media":34322,"comment_status":"open","ping_status":"closed","sticky":false,"template":"","format":"standard","meta":{"ngg_post_thumbnail":0,"footnotes":""},"categories":[46,42,33,37],"tags":[465,171],"class_list":["post-34317","post","type-post","status-publish","format-standard","has-post-thumbnail","hentry","category-estado","category-fred-west","category-noticias","category-saude","tag-esporte","tag-uniao"],"amp_enabled":true,"_links":{"self":[{"href":"https:\/\/www2.comunitaria.com.br\/en\/wp-json\/wp\/v2\/posts\/34317","targetHints":{"allow":["GET"]}}],"collection":[{"href":"https:\/\/www2.comunitaria.com.br\/en\/wp-json\/wp\/v2\/posts"}],"about":[{"href":"https:\/\/www2.comunitaria.com.br\/en\/wp-json\/wp\/v2\/types\/post"}],"author":[{"embeddable":true,"href":"https:\/\/www2.comunitaria.com.br\/en\/wp-json\/wp\/v2\/users\/2"}],"replies":[{"embeddable":true,"href":"https:\/\/www2.comunitaria.com.br\/en\/wp-json\/wp\/v2\/comments?post=34317"}],"version-history":[{"count":0,"href":"https:\/\/www2.comunitaria.com.br\/en\/wp-json\/wp\/v2\/posts\/34317\/revisions"}],"wp:featuredmedia":[{"embeddable":true,"href":"https:\/\/www2.comunitaria.com.br\/en\/wp-json\/wp\/v2\/media\/34322"}],"wp:attachment":[{"href":"https:\/\/www2.comunitaria.com.br\/en\/wp-json\/wp\/v2\/media?parent=34317"}],"wp:term":[{"taxonomy":"category","embeddable":true,"href":"https:\/\/www2.comunitaria.com.br\/en\/wp-json\/wp\/v2\/categories?post=34317"},{"taxonomy":"post_tag","embeddable":true,"href":"https:\/\/www2.comunitaria.com.br\/en\/wp-json\/wp\/v2\/tags?post=34317"}],"curies":[{"name":"wp","href":"https:\/\/api.w.org\/{rel}","templated":true}]}}