{"id":34283,"date":"2018-11-13T09:23:28","date_gmt":"2018-11-13T11:23:28","guid":{"rendered":"http:\/\/www2.comunitaria.com.br\/?p=34283"},"modified":"2018-11-13T09:23:28","modified_gmt":"2018-11-13T11:23:28","slug":"secretaria-da-agricultura-disponibilizada-horas-maquina","status":"publish","type":"post","link":"https:\/\/www2.comunitaria.com.br\/en\/secretaria-da-agricultura-disponibilizada-horas-maquina\/","title":{"rendered":"Secretaria da Agricultura disponibilizada horas-m\u00e1quina"},"content":{"rendered":"<p style=\"text-align: justify;\"><span style=\"font-weight: 400;\">A Secretaria Municipal da Agricultura de Frederico Westphalen j\u00e1 est\u00e1 disponibilizando aos produtores, horas de m\u00e1quina terceirizada para demandas dos interessados. Desta vez, ser\u00e3o disponibilizados horas para retroescavadeira.<\/span><\/p>\n<p style=\"text-align: justify;\"><span style=\"font-weight: 400;\">Para receber o servi\u00e7o, o produtor tem que estar em dia com as contas do munic\u00edpio e levar a escritura de terras. Al\u00e9m disso, ser\u00e1 disponibilizado at\u00e9 dez horas para cada escritura. Os interessados dever\u00e3o realizar um credenciamento na sede da Secretaria Municipal da Agricultura. Ap\u00f3s verifica\u00e7\u00e3o se o produtor est\u00e1 de acordo com os requisitos solicitados, os mesmos dever\u00e3o efetuar o pagamento antecipado de 50% do valor da hora-m\u00e1quina. <\/span><\/p>\n<p style=\"text-align: justify;\"><span style=\"font-weight: 400;\">Os valores est\u00e3o dispon\u00edveis na sede da Secretaria, que est\u00e1 localizada junto ao escrit\u00f3rio municipal da Emater-FW. Mais informa\u00e7\u00f5es podem ser obtidas por meio do telefone 3744-6784.&nbsp;<\/span><\/p>\n<p><em>ASCOM &#8211; Prefeitura Frederico Westphalen<\/em><\/p>","protected":false},"excerpt":{"rendered":"<p>A Secretaria Municipal da Agricultura de Frederico Westphalen j\u00e1 est\u00e1 disponibilizando aos produtores, horas de m\u00e1quina terceirizada para demandas dos interessados. Desta vez, ser\u00e3o disponibilizados horas para retroescavadeira. Para receber&#8230;<\/p>","protected":false},"author":2,"featured_media":34284,"comment_status":"open","ping_status":"closed","sticky":false,"template":"","format":"standard","meta":{"ngg_post_thumbnail":0,"footnotes":""},"categories":[42,3615,33,45],"tags":[896,591,4212,547,1733,479],"class_list":["post-34283","post","type-post","status-publish","format-standard","has-post-thumbnail","hentry","category-fred-west","category-meio-ambiente","category-noticias","category-rural","tag-agricultores","tag-agricultura","tag-hora-maquinas","tag-maquinas","tag-produtores","tag-rural-2"],"amp_enabled":true,"_links":{"self":[{"href":"https:\/\/www2.comunitaria.com.br\/en\/wp-json\/wp\/v2\/posts\/34283","targetHints":{"allow":["GET"]}}],"collection":[{"href":"https:\/\/www2.comunitaria.com.br\/en\/wp-json\/wp\/v2\/posts"}],"about":[{"href":"https:\/\/www2.comunitaria.com.br\/en\/wp-json\/wp\/v2\/types\/post"}],"author":[{"embeddable":true,"href":"https:\/\/www2.comunitaria.com.br\/en\/wp-json\/wp\/v2\/users\/2"}],"replies":[{"embeddable":true,"href":"https:\/\/www2.comunitaria.com.br\/en\/wp-json\/wp\/v2\/comments?post=34283"}],"version-history":[{"count":0,"href":"https:\/\/www2.comunitaria.com.br\/en\/wp-json\/wp\/v2\/posts\/34283\/revisions"}],"wp:featuredmedia":[{"embeddable":true,"href":"https:\/\/www2.comunitaria.com.br\/en\/wp-json\/wp\/v2\/media\/34284"}],"wp:attachment":[{"href":"https:\/\/www2.comunitaria.com.br\/en\/wp-json\/wp\/v2\/media?parent=34283"}],"wp:term":[{"taxonomy":"category","embeddable":true,"href":"https:\/\/www2.comunitaria.com.br\/en\/wp-json\/wp\/v2\/categories?post=34283"},{"taxonomy":"post_tag","embeddable":true,"href":"https:\/\/www2.comunitaria.com.br\/en\/wp-json\/wp\/v2\/tags?post=34283"}],"curies":[{"name":"wp","href":"https:\/\/api.w.org\/{rel}","templated":true}]}}