{"id":34261,"date":"2018-11-10T13:54:47","date_gmt":"2018-11-10T15:54:47","guid":{"rendered":"http:\/\/www2.comunitaria.com.br\/?p=34261"},"modified":"2018-11-12T09:22:41","modified_gmt":"2018-11-12T11:22:41","slug":"cotrifred-comemora-61-anos-com-mais-um-sorteio","status":"publish","type":"post","link":"https:\/\/www2.comunitaria.com.br\/en\/cotrifred-comemora-61-anos-com-mais-um-sorteio\/","title":{"rendered":"Cotrifred comemora 61 anos com mais um sorteio"},"content":{"rendered":"<p style=\"text-align: justify;\">Para comemorar oficialmente os 61 anos, a Cotrifred realizou na manh\u00e3 deste s\u00e1bado, 10, mais um sorteio da campanha Cotri Pr\u00eamios, abrangendo todos os supermercados e agropecu\u00e1rias da cooperativa. Foram sorteados vale compras no valor de R$ 100, R$ 200 e R$ 300, al\u00e9m de equipamentos da agropecu\u00e1ria e uma motocicleta 0km.<\/p>\n<p>O presidente da Cotrifred, \u00c9lio Pacheco, falou sobre o anivers\u00e1rio de 61 anos e destacou sobre as a\u00e7\u00f5es da cooperativa:&nbsp;<\/p>\n<!--[if lt IE 9]><script>document.createElement('audio');<\/script><![endif]-->\n<audio class=\"wp-audio-shortcode\" id=\"audio-34261-1\" preload=\"none\" style=\"width: 100%;\" controls=\"controls\"><source type=\"audio\/mpeg\" src=\"http:\/\/www2.comunitaria.com.br\/wp-content\/uploads\/2018\/11\/ELIO-PACHECO-OK.mp3?_=1\" \/><a href=\"http:\/\/www2.comunitaria.com.br\/wp-content\/uploads\/2018\/11\/ELIO-PACHECO-OK.mp3\">http:\/\/www2.comunitaria.com.br\/wp-content\/uploads\/2018\/11\/ELIO-PACHECO-OK.mp3<\/a><\/audio>\n<p style=\"text-align: justify;\"><span style=\"color: #ffffff;\">.<\/span><br \/>\nNo total participaram mais de 400 mil cupons. Confira os vencedores:&nbsp;&nbsp;<\/p>\n<p>Confirma os ganhadores:<\/p>\n<p><strong>Sorteio para os supermercados<\/strong><\/p>\n<p><strong>Vista Alegre<\/strong><br \/>\nVale-compras de R$ 300&nbsp;\u2013 Plinio Dal Puca<br \/>\nVale-compras de R$ 200 \u2013&nbsp;Fabiana Regina Centenaro<br \/>\nVale-compras de R$ 100 \u2013&nbsp;Rosalino D. Dalan&nbsp;<\/p>\n<p><strong>Pinheirinho do Vale<\/strong><br \/>\nVale-compras de R$ 300 \u2013 Maria Rosa Duarte<br \/>\nVale-compras de R$ 200 \u2013 Maria Odila Zachi<br \/>\nVale-compras de R$ 100 \u2013 Ginon Grings<\/p>\n<p><strong>Palmitinho<\/strong><br \/>\nVale-compras de R$ 300 \u2013 Elenice R. Oliveira<br \/>\nVale-compras de R$ 200 \u2013 Guerino Basso<br \/>\nVale-compras de R$ 100 \u2013 Marieli Cristina Volpatto<\/p>\n<p><strong>Cai\u00e7ara<\/strong><br \/>\nVale-compras de R$ 300 \u2013 Jos\u00e9 Almiro Rehbein<br \/>\nVale-compras de R$ 200 \u2013 Alzira Scheeren<br \/>\nVale-compras de R$ 100 \u2013 Adriana Werlang<\/p>\n<p><strong>Ira\u00ed<\/strong><br \/>\nVale-compras de R$ 300 \u2013 Giovani P. C Lima<br \/>\nVale-compras de R$ 200 \u2013 Ademar da Cruz<br \/>\nVale-compras de R$ 100 \u2013Margarida da Bertin de Andrade<\/p>\n<p><strong>Vicente Dutra<\/strong><\/p>\n<p>Vale-compras de R$ 300 \u2013 Julio Rittec<br \/>\nVale-compras de R$ 200 \u2013 Matilde Madalena Soares da Silva<br \/>\nVale-compras de R$ 100 \u2013 Sandra S. Dalla Lana<\/p>\n<p><strong>Frederico Westphalen<\/strong><br \/>\nVale-compras de R$ 300 \u2013 Flaviana Bisognin<br \/>\nVale-compras de R$ 200 \u2013 Miriane Cerutti<br \/>\nVale-compras de R$ 100 \u2013 Cleusa Maria Zanatta<\/p>\n<p><strong>Sorteio da agropecu\u00e1ria de Taquaru\u00e7u do Sul<\/strong><\/p>\n<p>Vale-compras de R$ 300 \u2013 Rudinei Volpatto<br \/>\nVale-compras de R$ 300 \u2013 Hil\u00e1rio Botezini<\/p>\n<p><strong>Sorteio&nbsp;de todas as agropecu\u00e1rias<\/strong><\/p>\n<p><strong>Kits ferramentas DTools<\/strong><br \/>\nElci Cecatto \u2013 Vista Alegre<br \/>\nBruno Brezinski \u2013 Frederico Westphalen<br \/>\nSelvino Basso \u2013 Taquaru\u00e7u do Sul<\/p>\n<p><strong>Vale-compras de&nbsp;R$ 1.000&nbsp;(exceto adubo qu\u00edmico)<\/strong><br \/>\nAndr\u00e9 Lu\u00eds Basso \u2013 Taquaru\u00e7u do Sul<\/p>\n<p><strong>Soprador Husqvarna<\/strong><br \/>\nDeoclides Mezen \u2013 Ira\u00ed<\/p>\n<p><strong>Ro\u00e7adeira Husqvarna<\/strong><br \/>\nIli\u00e2ne B. Pesamosca \u2013 Ira\u00ed<\/p>\n<p><strong>Forno global<\/strong><br \/>\nIlone F\u00e1tima Marion \u2013 Taquaru\u00e7u do Sul<\/p>\n<p><strong>Motocicleta Honda\/CG 125 FAN<\/strong><br \/>\nSebati\u00e3o Marcos Joaquim \u2013 Vicente Dutra<\/p>","protected":false},"excerpt":{"rendered":"<p>Para comemorar oficialmente os 61 anos, a Cotrifred realizou na manh\u00e3 deste s\u00e1bado, 10, mais um sorteio da campanha Cotri Pr\u00eamios, abrangendo todos os supermercados e agropecu\u00e1rias da cooperativa. Foram sorteados vale compras no valor de R$ 100, R$ 200 e R$ 300, al\u00e9m de equipamentos da agropecu\u00e1ria e uma motocicleta 0km. O presidente da<\/p>\n<div class=\"read-more-wrapper\"><a class=\"read-more\" href=\"https:\/\/www2.comunitaria.com.br\/en\/cotrifred-comemora-61-anos-com-mais-um-sorteio\/\" title=\"Read More\"> <span class=\"button\">Read More<\/span><\/a><\/div>","protected":false},"author":2,"featured_media":34263,"comment_status":"open","ping_status":"closed","sticky":false,"template":"","format":"standard","meta":{"ngg_post_thumbnail":0,"footnotes":""},"categories":[51,28,33,35],"tags":[482,60,114,258,1426],"class_list":["post-34261","post","type-post","status-publish","format-standard","has-post-thumbnail","hentry","category-audio","category-destaque","category-noticias","category-variedades","tag-aniversario","tag-campanha","tag-cotrifred","tag-sorteio","tag-supermercado"],"amp_enabled":true,"_links":{"self":[{"href":"https:\/\/www2.comunitaria.com.br\/en\/wp-json\/wp\/v2\/posts\/34261","targetHints":{"allow":["GET"]}}],"collection":[{"href":"https:\/\/www2.comunitaria.com.br\/en\/wp-json\/wp\/v2\/posts"}],"about":[{"href":"https:\/\/www2.comunitaria.com.br\/en\/wp-json\/wp\/v2\/types\/post"}],"author":[{"embeddable":true,"href":"https:\/\/www2.comunitaria.com.br\/en\/wp-json\/wp\/v2\/users\/2"}],"replies":[{"embeddable":true,"href":"https:\/\/www2.comunitaria.com.br\/en\/wp-json\/wp\/v2\/comments?post=34261"}],"version-history":[{"count":0,"href":"https:\/\/www2.comunitaria.com.br\/en\/wp-json\/wp\/v2\/posts\/34261\/revisions"}],"wp:featuredmedia":[{"embeddable":true,"href":"https:\/\/www2.comunitaria.com.br\/en\/wp-json\/wp\/v2\/media\/34263"}],"wp:attachment":[{"href":"https:\/\/www2.comunitaria.com.br\/en\/wp-json\/wp\/v2\/media?parent=34261"}],"wp:term":[{"taxonomy":"category","embeddable":true,"href":"https:\/\/www2.comunitaria.com.br\/en\/wp-json\/wp\/v2\/categories?post=34261"},{"taxonomy":"post_tag","embeddable":true,"href":"https:\/\/www2.comunitaria.com.br\/en\/wp-json\/wp\/v2\/tags?post=34261"}],"curies":[{"name":"wp","href":"https:\/\/api.w.org\/{rel}","templated":true}]}}