{"id":34248,"date":"2018-11-08T16:02:37","date_gmt":"2018-11-08T18:02:37","guid":{"rendered":"http:\/\/www2.comunitaria.com.br\/?p=34248"},"modified":"2018-11-08T16:02:37","modified_gmt":"2018-11-08T18:02:37","slug":"chapecoense-e-uniao-frederiquense-formatam-parceria","status":"publish","type":"post","link":"https:\/\/www2.comunitaria.com.br\/en\/chapecoense-e-uniao-frederiquense-formatam-parceria\/","title":{"rendered":"Chapecoense e Uni\u00e3o Frederiquense formatam parceria"},"content":{"rendered":"<p style=\"text-align: justify;\">Em visita \u00e0 Chapecoense, o presidente do Uni\u00e3o Frederiquense, Edison Cantarelli, encaminhou o in\u00edcio de uma parceria no segmento de atletas.<\/p>\n<p style=\"text-align: justify;\">A pauta principal do encontro foi a possibilidade de viabilizar empr\u00e9stimos de atletas ao Le\u00e3o da Colina, al\u00e9m de outros assuntos tratados objetivando estreitar ainda mais o relacionamento entre os dois clubes.<\/p>\n<p style=\"text-align: justify;\">\u2013 Sempre tivemos uma abertura muito interessante com a Chapecoense, desde realiza\u00e7\u00f5es de amistosos a negocia\u00e7\u00f5es de atletas. Estamos dando mais um passo importante e sem d\u00favida fortalecendo tudo isso \u2013 disse Cantarelli.<\/p>\n<p style=\"text-align: justify;\">No encontro, estiveram representando o clube de Chapec\u00f3 Rodolpho Correia (coordenador t\u00e9cnico das categorias de base) e Roberto Ferreira (supervisor das categorias de base), al\u00e9m de Jaj\u00e1 Jesus, representante da Team Player Brasil, empresa que j\u00e1 \u00e9 parceira do Uni\u00e3o Frederiquense e que atua no ramo de assessoria esportiva para atletas das categorias de base e profissional em clubes do Brasil e Europa.<\/p>\n<p style=\"text-align: justify;\">&nbsp;<\/p>\n<p style=\"text-align: justify;\"><em>Ascom<\/em><\/p>","protected":false},"excerpt":{"rendered":"<p>Em visita \u00e0 Chapecoense, o presidente do Uni\u00e3o Frederiquense, Edison Cantarelli, encaminhou o in\u00edcio de uma parceria no segmento de atletas. A pauta principal do encontro foi a possibilidade de viabilizar empr\u00e9stimos de atletas ao Le\u00e3o da Colina, al\u00e9m de outros assuntos tratados objetivando estreitar ainda mais o relacionamento entre os dois clubes. \u2013 Sempre<\/p>\n<div class=\"read-more-wrapper\"><a class=\"read-more\" href=\"https:\/\/www2.comunitaria.com.br\/en\/chapecoense-e-uniao-frederiquense-formatam-parceria\/\" title=\"Read More\"> <span class=\"button\">Read More<\/span><\/a><\/div>","protected":false},"author":2,"featured_media":34249,"comment_status":"open","ping_status":"closed","sticky":false,"template":"","format":"standard","meta":{"ngg_post_thumbnail":0,"footnotes":""},"categories":[34,46,42,33,48],"tags":[2478,465,230,688],"class_list":["post-34248","post","type-post","status-publish","format-standard","has-post-thumbnail","hentry","category-esportes","category-estado","category-fred-west","category-noticias","category-uniao-frederiquense","tag-chapecoense","tag-esporte","tag-futebol","tag-uniao-frederiquense"],"amp_enabled":true,"_links":{"self":[{"href":"https:\/\/www2.comunitaria.com.br\/en\/wp-json\/wp\/v2\/posts\/34248","targetHints":{"allow":["GET"]}}],"collection":[{"href":"https:\/\/www2.comunitaria.com.br\/en\/wp-json\/wp\/v2\/posts"}],"about":[{"href":"https:\/\/www2.comunitaria.com.br\/en\/wp-json\/wp\/v2\/types\/post"}],"author":[{"embeddable":true,"href":"https:\/\/www2.comunitaria.com.br\/en\/wp-json\/wp\/v2\/users\/2"}],"replies":[{"embeddable":true,"href":"https:\/\/www2.comunitaria.com.br\/en\/wp-json\/wp\/v2\/comments?post=34248"}],"version-history":[{"count":0,"href":"https:\/\/www2.comunitaria.com.br\/en\/wp-json\/wp\/v2\/posts\/34248\/revisions"}],"wp:featuredmedia":[{"embeddable":true,"href":"https:\/\/www2.comunitaria.com.br\/en\/wp-json\/wp\/v2\/media\/34249"}],"wp:attachment":[{"href":"https:\/\/www2.comunitaria.com.br\/en\/wp-json\/wp\/v2\/media?parent=34248"}],"wp:term":[{"taxonomy":"category","embeddable":true,"href":"https:\/\/www2.comunitaria.com.br\/en\/wp-json\/wp\/v2\/categories?post=34248"},{"taxonomy":"post_tag","embeddable":true,"href":"https:\/\/www2.comunitaria.com.br\/en\/wp-json\/wp\/v2\/tags?post=34248"}],"curies":[{"name":"wp","href":"https:\/\/api.w.org\/{rel}","templated":true}]}}