{"id":34240,"date":"2018-11-08T12:31:40","date_gmt":"2018-11-08T14:31:40","guid":{"rendered":"http:\/\/www2.comunitaria.com.br\/?p=34240"},"modified":"2018-11-08T12:33:54","modified_gmt":"2018-11-08T14:33:54","slug":"servidores-do-hospital-de-caridade-devem-entrar-em-greve-nesta-quinta-feira","status":"publish","type":"post","link":"https:\/\/www2.comunitaria.com.br\/en\/servidores-do-hospital-de-caridade-devem-entrar-em-greve-nesta-quinta-feira\/","title":{"rendered":"Servidores do Hospital de Caridade devem entrar em greve nesta quinta-feira"},"content":{"rendered":"<p style=\"text-align: justify;\">Em assembleia geral e extraordin\u00e1ria realizada na segunda-feira, 5, foi definido que a partir das 13 horas desta quinta-feira, 8, os servidores do Hospital de Caridade, de Palmeira das Miss\u00f5es,&nbsp; ir\u00e3o entrar em greve. Os atendimentos de urg\u00eancia e emerg\u00eancia ser\u00e3o mantidos pelos funcion\u00e1rios, al\u00e9m dos 30% m\u00ednimos exigidos por lei.&nbsp;<\/p>\n<p style=\"text-align: justify;\">Os servidores em greve alegam o pagamento imediato do restante do sal\u00e1rio de setembro e o valor integral do m\u00eas de outubro para que a greve seja encerrada. A diretoria do Hospital de Caridade emitiu uma nota de esclarecimento quanto ao tema:<\/p>\n<p style=\"text-align: justify;\">\u201cNOTA DE ESCLARECIMENTO SOBRE A PARALISA\u00c7\u00c3O&nbsp;<br \/>\nDiante do comunicado dos funcion\u00e1rios do Hospital de Caridade de Palmeira das Miss\u00f5es sobre a paralisa\u00e7\u00e3o dos atendimentos no dia 08 de novembro de 2018, medida tomada ap\u00f3s assembleia extraordin\u00e1ria realizada na segunda-feira dia 05\/11, e tendo em vista as diversas manifesta\u00e7\u00f5es publicadas nas redes sociais que deixam d\u00favidas sobre o motivo da greve, a Associa\u00e7\u00e3o Hospital de Caridade de Palmeira das Miss\u00f5es esclarece que:&nbsp;<br \/>\n1) Hoje os funcion\u00e1rios est\u00e3o com parte do sal\u00e1rio de setembro\/2018 e todo o sal\u00e1rio de outubro\/2018 em atraso e sem receber;&nbsp;<br \/>\n2) O Hospital se mant\u00e9m 98% por meio de conv\u00eanio SUS atrav\u00e9s de contrato junto ao Estado;&nbsp;<br \/>\n3) Atualmente o Hospital est\u00e1 enfrentando uma grave crise financeira e deficit or\u00e7ament\u00e1rio, decorrentes dos atrasos dos repasses por parte do Estado do Rio Grande do Sul das compet\u00eancias setembro\/2018 e outubro\/2018 referente as produ\u00e7\u00f5es hospitalares e ambulat\u00f3rias (Mac \u2013 IAC \u2013 Integrasus) e das compet\u00eancias agosto\/2018 e setembro\/2018 referente aos incentivos estaduais&nbsp;<br \/>\n4) A administra\u00e7\u00e3o participar\u00e1 nesta sexta-feira, dia 09\/11, de reuni\u00e3o com a Federa\u00e7\u00e3o das Santas Casas em Porto Alegre para discutir em assembleia a possibilidade de financiamento dos valores em atraso a fim de minimizar essa situa\u00e7\u00e3o.&nbsp;<br \/>\n5) Ressalta-se que a Administra\u00e7\u00e3o vem tomando medidas importantes para reduzir custos e aumentar a receita do Hospital mas a curto prazo essas a\u00e7\u00f5es n\u00e3o solucionar\u00e3o a crise que nos assola. H\u00e1 necessidade de investimento regular das inst\u00e2ncias Municipal, Estadual e Federal.&nbsp;<br \/>\n6) Nesse sentido, a Administra\u00e7\u00e3o do Hospital vem realizando todos os esfor\u00e7os para manter o atendimento do servi\u00e7o hospitalar prestado ao Munic\u00edpio e Regi\u00e3o, apesar da cr\u00edtica situa\u00e7\u00e3o financeira em que o mesmo se encontra.&nbsp;<br \/>\n7) Por fim, a Associa\u00e7\u00e3o Hospital do Caridade de Palmeira das Miss\u00f5es conclama a todas as pessoas a se unirem em prol desta institui\u00e7\u00e3o, evitando, neste momento, acusa\u00e7\u00f5es levianas e falsas, e\/ou produzindo disc\u00f3rdias que n\u00e3o contribuem para solucionar a crise.&nbsp;<br \/>\nO hospital \u00e9 da comunidade e precisa de todos n\u00f3s!&nbsp;<br \/>\nPalmeira das Miss\u00f5es, 08 de Novembro de 2018.&nbsp;<br \/>\nA Dire\u00e7\u00e3o\u201d&nbsp;<\/p>","protected":false},"excerpt":{"rendered":"<p>Em assembleia geral e extraordin\u00e1ria realizada na segunda-feira, 5, foi definido que a partir das 13 horas desta quinta-feira, 8, os servidores do Hospital de Caridade, de Palmeira das Miss\u00f5es,&nbsp;&#8230;<\/p>","protected":false},"author":2,"featured_media":34243,"comment_status":"open","ping_status":"closed","sticky":false,"template":"","format":"standard","meta":{"ngg_post_thumbnail":0,"footnotes":""},"categories":[46,33,38],"tags":[768,4208,202,175],"class_list":["post-34240","post","type-post","status-publish","format-standard","has-post-thumbnail","hentry","category-estado","category-noticias","category-politica","tag-greve","tag-hospital-de-caridade","tag-palmeira-das-missoes","tag-saude-2"],"amp_enabled":true,"_links":{"self":[{"href":"https:\/\/www2.comunitaria.com.br\/en\/wp-json\/wp\/v2\/posts\/34240","targetHints":{"allow":["GET"]}}],"collection":[{"href":"https:\/\/www2.comunitaria.com.br\/en\/wp-json\/wp\/v2\/posts"}],"about":[{"href":"https:\/\/www2.comunitaria.com.br\/en\/wp-json\/wp\/v2\/types\/post"}],"author":[{"embeddable":true,"href":"https:\/\/www2.comunitaria.com.br\/en\/wp-json\/wp\/v2\/users\/2"}],"replies":[{"embeddable":true,"href":"https:\/\/www2.comunitaria.com.br\/en\/wp-json\/wp\/v2\/comments?post=34240"}],"version-history":[{"count":0,"href":"https:\/\/www2.comunitaria.com.br\/en\/wp-json\/wp\/v2\/posts\/34240\/revisions"}],"wp:featuredmedia":[{"embeddable":true,"href":"https:\/\/www2.comunitaria.com.br\/en\/wp-json\/wp\/v2\/media\/34243"}],"wp:attachment":[{"href":"https:\/\/www2.comunitaria.com.br\/en\/wp-json\/wp\/v2\/media?parent=34240"}],"wp:term":[{"taxonomy":"category","embeddable":true,"href":"https:\/\/www2.comunitaria.com.br\/en\/wp-json\/wp\/v2\/categories?post=34240"},{"taxonomy":"post_tag","embeddable":true,"href":"https:\/\/www2.comunitaria.com.br\/en\/wp-json\/wp\/v2\/tags?post=34240"}],"curies":[{"name":"wp","href":"https:\/\/api.w.org\/{rel}","templated":true}]}}