{"id":34224,"date":"2018-11-07T09:51:20","date_gmt":"2018-11-07T11:51:20","guid":{"rendered":"http:\/\/www2.comunitaria.com.br\/?p=34224"},"modified":"2018-11-07T11:42:17","modified_gmt":"2018-11-07T13:42:17","slug":"operacao-da-pf-e-deflagrada-em-frederico-westphalen","status":"publish","type":"post","link":"https:\/\/www2.comunitaria.com.br\/en\/operacao-da-pf-e-deflagrada-em-frederico-westphalen\/","title":{"rendered":"Opera\u00e7\u00e3o da PF \u00e9 deflagrada em Frederico Westphalen"},"content":{"rendered":"<p dir=\"ltr\" style=\"text-align: justify;\">Nesta quarta-feira, 7, a Pol\u00edcia Federal deflagrou a Opera\u00e7\u00e3o Caementa para reprimir crimes de lavagem de dinheiro, corrup\u00e7\u00e3o, fraudes, que teriam sido praticados por empres\u00e1rios que atuam no segmento de produ\u00e7\u00e3o de concreto, extra\u00e7\u00e3o e com\u00e9rcio de areia e pedra.<\/p>\n<p dir=\"ltr\" style=\"text-align: justify;\">Ao todo, s\u00e3o cumpridos 37 mandados de busca e apreens\u00e3o, e oito mandados de pris\u00e3o por mais de 150 policiais federais e 16 auditores fiscais, nos seguintes munic\u00edpios: Santa Maria, Porto Alegre, Bag\u00e9, Carazinho, Caxias do Sul, Frederico Westphalen, Garibaldi, Maquin\u00e9, Panambi, Passo Fundo, Ros\u00e1rio do Sul, S\u00e3o Sebasti\u00e3o do Ca\u00ed e Tr\u00eas de Maio, e em Cambori\u00fa, no Estado de Santa Catarina.<\/p>\n<p dir=\"ltr\">At\u00e9 o momento, j\u00e1 foram apreendidos cerca de R$ 150 mil e 20 mil d\u00f3lares na resid\u00eancia do principal investigado &#8211; que n\u00e3o teve a sua localiza\u00e7\u00e3o revelada pela PF. Este grupo supostamente teria sonegado cerca de R$ 180 milh\u00f5es e a pedido da PF, a 7\u00aa Vara Federal de Porto Alegre decretou a indisponibilidade de um patrim\u00f4nio estimado em R$ 81 milh\u00f5es.&nbsp;<\/p>\n<p dir=\"ltr\" style=\"text-align: justify;\">O inqu\u00e9rito aponta que os investigados teriam sonegado tributos e contribui\u00e7\u00f5es sociais, desviado patrim\u00f4nio das suas empresas endividadas que se encontram em recupera\u00e7\u00e3o judicial e ocultado o proveito dos crimes por meio da cria\u00e7\u00e3o de empreendimentos de fachada. A a\u00e7\u00e3o conta com o apoio da Receita Federal do Brasil.<\/p>\n<p dir=\"ltr\">O delegado Diogo Caneda dos Santos explicou, em entrevista coletiva nesta manh\u00e3, como as empresas agiam e revelou detalhes da opera\u00e7\u00e3o:&nbsp;<\/p>\n<!--[if lt IE 9]><script>document.createElement('audio');<\/script><![endif]-->\n<audio class=\"wp-audio-shortcode\" id=\"audio-34224-1\" preload=\"none\" style=\"width: 100%;\" controls=\"controls\"><source type=\"audio\/mpeg\" src=\"http:\/\/www2.comunitaria.com.br\/wp-content\/uploads\/2018\/11\/Delegado-Diogo-Caneda-dos-Santos.mp3?_=1\" \/><a href=\"http:\/\/www2.comunitaria.com.br\/wp-content\/uploads\/2018\/11\/Delegado-Diogo-Caneda-dos-Santos.mp3\">http:\/\/www2.comunitaria.com.br\/wp-content\/uploads\/2018\/11\/Delegado-Diogo-Caneda-dos-Santos.mp3<\/a><\/audio>\n<p>&nbsp;<\/p>\n<p dir=\"ltr\" style=\"text-align: justify;\">Est\u00e3o sendo investigadas 14 empresas controladas por um \u00fanico grupo estabelecido em Santa Maria e os crimes investigados nesta opera\u00e7\u00e3o, s\u00e3o: organiza\u00e7\u00e3o criminosa, lavagem de dinheiro, sonega\u00e7\u00e3o fiscal, apropria\u00e7\u00e3o ind\u00e9bita previdenci\u00e1ria, omiss\u00e3o de vig\u00eancia de contrato de trabalho, crimes falimentares, fraude a licita\u00e7\u00f5es, extors\u00e3o e corrup\u00e7\u00e3o.<\/p>\n<p dir=\"ltr\">O nome da opera\u00e7\u00e3o \u00e9 uma refer\u00eancia ao termo latino caementa, que significa \u201cpedras pequenas\u201d.<\/p>","protected":false},"excerpt":{"rendered":"<p>Nesta quarta-feira, 7, a Pol\u00edcia Federal deflagrou a Opera\u00e7\u00e3o Caementa para reprimir crimes de lavagem de dinheiro, corrup\u00e7\u00e3o, fraudes, que teriam sido praticados por empres\u00e1rios que atuam no segmento de produ\u00e7\u00e3o de concreto, extra\u00e7\u00e3o e com\u00e9rcio de areia e pedra. Ao todo, s\u00e3o cumpridos 37 mandados de busca e apreens\u00e3o, e oito mandados de pris\u00e3o<\/p>\n<div class=\"read-more-wrapper\"><a class=\"read-more\" href=\"https:\/\/www2.comunitaria.com.br\/en\/operacao-da-pf-e-deflagrada-em-frederico-westphalen\/\" title=\"Read More\"> <span class=\"button\">Read More<\/span><\/a><\/div>","protected":false},"author":2,"featured_media":34225,"comment_status":"open","ping_status":"closed","sticky":false,"template":"","format":"standard","meta":{"ngg_post_thumbnail":0,"footnotes":""},"categories":[47,46,42,28,33,38,43,35],"tags":[1508,319,82,71,1509,4204,1768],"class_list":["post-34224","post","type-post","status-publish","format-standard","has-post-thumbnail","hentry","category-brasil","category-estado","category-fred-west","category-destaque","category-noticias","category-politica","category-regiao","category-variedades","tag-corrupcao","tag-fraude","tag-frederico-westphalen","tag-investigacao","tag-lavagem-de-dinheiro","tag-operacao-caementa","tag-policia-federal"],"amp_enabled":true,"_links":{"self":[{"href":"https:\/\/www2.comunitaria.com.br\/en\/wp-json\/wp\/v2\/posts\/34224","targetHints":{"allow":["GET"]}}],"collection":[{"href":"https:\/\/www2.comunitaria.com.br\/en\/wp-json\/wp\/v2\/posts"}],"about":[{"href":"https:\/\/www2.comunitaria.com.br\/en\/wp-json\/wp\/v2\/types\/post"}],"author":[{"embeddable":true,"href":"https:\/\/www2.comunitaria.com.br\/en\/wp-json\/wp\/v2\/users\/2"}],"replies":[{"embeddable":true,"href":"https:\/\/www2.comunitaria.com.br\/en\/wp-json\/wp\/v2\/comments?post=34224"}],"version-history":[{"count":0,"href":"https:\/\/www2.comunitaria.com.br\/en\/wp-json\/wp\/v2\/posts\/34224\/revisions"}],"wp:featuredmedia":[{"embeddable":true,"href":"https:\/\/www2.comunitaria.com.br\/en\/wp-json\/wp\/v2\/media\/34225"}],"wp:attachment":[{"href":"https:\/\/www2.comunitaria.com.br\/en\/wp-json\/wp\/v2\/media?parent=34224"}],"wp:term":[{"taxonomy":"category","embeddable":true,"href":"https:\/\/www2.comunitaria.com.br\/en\/wp-json\/wp\/v2\/categories?post=34224"},{"taxonomy":"post_tag","embeddable":true,"href":"https:\/\/www2.comunitaria.com.br\/en\/wp-json\/wp\/v2\/tags?post=34224"}],"curies":[{"name":"wp","href":"https:\/\/api.w.org\/{rel}","templated":true}]}}