{"id":34113,"date":"2018-10-26T10:46:38","date_gmt":"2018-10-26T12:46:38","guid":{"rendered":"http:\/\/www2.comunitaria.com.br\/?p=34113"},"modified":"2018-10-26T10:52:50","modified_gmt":"2018-10-26T12:52:50","slug":"prf-apreende-tres-veiculos-que-somam-mais-de-r-170-mil-em-multas","status":"publish","type":"post","link":"https:\/\/www2.comunitaria.com.br\/en\/prf-apreende-tres-veiculos-que-somam-mais-de-r-170-mil-em-multas\/","title":{"rendered":"PRF apreende tr\u00eas ve\u00edculos que somam mais de R$ 170 mil em multas"},"content":{"rendered":"<p style=\"text-align: justify;\">Nesta quinta-feira, 25, a Pol\u00edcia Rodovi\u00e1ria Federal (PRF) apreendeu dois ve\u00edculos na BR 285, em Passo Fundo, que, juntos, somam mais de R$ 160 mil em multas. Primeiro, foi apreendido um Fiat\/Uno cujos d\u00e9bitos eram de R$ 79.850,34, e, na sequ\u00eancia, a PRF apreendeu uma motocicleta Yamaha YBR, que ao todo, possu\u00eda R$ 85.089,63 em multas.&nbsp;<\/p>\n<p style=\"text-align: justify;\">De acordo com informa\u00e7\u00f5es da pr\u00f3pria PRF, estava sendo realizada uma fiscaliza\u00e7\u00e3o no per\u00edmetro urbano do munic\u00edpio quando a abordagem foi feita. A motocicleta possu\u00eda placas de Passo Fundo e era conduzida por um homem de 21 anos, cujo nome n\u00e3o foi divulgado. Ao realizarem a consulta, os policiais constataram que estava registrado R$ 75.994,50 em multas vencidas, mais R$ 9.095,13 em multas a vencer.&nbsp;<\/p>\n<p style=\"text-align: justify;\">No total, a motocicleta possu\u00eda 151 multas pendentes por diversas infra\u00e7\u00f5es de tr\u00e2nsito, como avan\u00e7ar a faixa de seguran\u00e7a, passar o sem\u00e1foro no sinal vermelho, dirigir sem CNH e excesso de velocidade. A primeira multa foi emitida em fevereiro de 2016 e a \u00faltima no dia 13 deste m\u00eas.<\/p>\n<p>Ainda de acordo com informa\u00e7\u00f5es da PRF, logo ap\u00f3s a apreens\u00e3o desta motocicleta, outra Yamaha do mesmo modelo, foi apreendida, pois possu\u00eda 21 multas, totalizando o valor de R$ 9.804,67. As tr\u00eas apreens\u00f5es juntas somam R$ 174.744,64 em multas n\u00e3o pagas.&nbsp;<\/p>\n<p style=\"text-align: justify;\">Os policiais acreditam que algumas pessoas mant\u00e9m ou adquirem esses ve\u00edculos com o \u00fanico prop\u00f3sito de cometer deliberadamente infra\u00e7\u00f5es de tr\u00e2nsito, uma vez que os d\u00e9bitos superam muito o seu valor de mercado.&nbsp;Todos os ve\u00edculos foram removidos a dep\u00f3sito e somente poder\u00e3o voltar a circular se os propriet\u00e1rios pagarem todos os d\u00e9bitos.<\/p>","protected":false},"excerpt":{"rendered":"<p>Nesta quinta-feira, 25, a Pol\u00edcia Rodovi\u00e1ria Federal (PRF) apreendeu dois ve\u00edculos na BR 285, em Passo Fundo, que, juntos, somam mais de R$ 160 mil em multas. Primeiro, foi apreendido&#8230;<\/p>","protected":false},"author":2,"featured_media":34114,"comment_status":"open","ping_status":"closed","sticky":false,"template":"","format":"standard","meta":{"ngg_post_thumbnail":0,"footnotes":""},"categories":[47,39,46,42,33,36,43,35],"tags":[3063,4189,933,1736,394,4190],"class_list":["post-34113","post","type-post","status-publish","format-standard","has-post-thumbnail","hentry","category-brasil","category-economia","category-estado","category-fred-west","category-noticias","category-policia","category-regiao","category-variedades","tag-apreesao","tag-fiat-uno","tag-motocicleta","tag-multas","tag-prf","tag-yamaha"],"amp_enabled":true,"_links":{"self":[{"href":"https:\/\/www2.comunitaria.com.br\/en\/wp-json\/wp\/v2\/posts\/34113","targetHints":{"allow":["GET"]}}],"collection":[{"href":"https:\/\/www2.comunitaria.com.br\/en\/wp-json\/wp\/v2\/posts"}],"about":[{"href":"https:\/\/www2.comunitaria.com.br\/en\/wp-json\/wp\/v2\/types\/post"}],"author":[{"embeddable":true,"href":"https:\/\/www2.comunitaria.com.br\/en\/wp-json\/wp\/v2\/users\/2"}],"replies":[{"embeddable":true,"href":"https:\/\/www2.comunitaria.com.br\/en\/wp-json\/wp\/v2\/comments?post=34113"}],"version-history":[{"count":0,"href":"https:\/\/www2.comunitaria.com.br\/en\/wp-json\/wp\/v2\/posts\/34113\/revisions"}],"wp:featuredmedia":[{"embeddable":true,"href":"https:\/\/www2.comunitaria.com.br\/en\/wp-json\/wp\/v2\/media\/34114"}],"wp:attachment":[{"href":"https:\/\/www2.comunitaria.com.br\/en\/wp-json\/wp\/v2\/media?parent=34113"}],"wp:term":[{"taxonomy":"category","embeddable":true,"href":"https:\/\/www2.comunitaria.com.br\/en\/wp-json\/wp\/v2\/categories?post=34113"},{"taxonomy":"post_tag","embeddable":true,"href":"https:\/\/www2.comunitaria.com.br\/en\/wp-json\/wp\/v2\/tags?post=34113"}],"curies":[{"name":"wp","href":"https:\/\/api.w.org\/{rel}","templated":true}]}}