{"id":34112,"date":"2018-10-26T11:09:32","date_gmt":"2018-10-26T13:09:32","guid":{"rendered":"http:\/\/www2.comunitaria.com.br\/?p=34112"},"modified":"2018-10-26T11:10:33","modified_gmt":"2018-10-26T13:10:33","slug":"que-plano-e-esse-economia","status":"publish","type":"post","link":"https:\/\/www2.comunitaria.com.br\/en\/que-plano-e-esse-economia\/","title":{"rendered":"Que Plano \u00c9 Esse: Economia"},"content":{"rendered":"<p>No&nbsp; segundo turno, o \u201cQue Plano \u00e9 Esse\u201d ir\u00e1 apresentar as principais propostas dos dois candidatos a Presid\u00eancia da Rep\u00fablica: Jair Bolsonaro (PSL) e Fernando Haddad (PT). O tema desta \u00faltima edi\u00e7\u00e3o \u00e9 quanto a Economia.<\/p>\n<p>Anteriormente, foram apresentadas as principais propostas dos candidatos ao governo do RS e abaixo, podem ser acessadas a edi\u00e7\u00e3o do Que Plano \u00e9 Esse de Eduardo Leite (PSDB) e Jos\u00e9 Ivo Sartori (MDB).<\/p>\n<ul>\n<li><a href=\"http:\/\/www2.comunitaria.com.br\/en\/que-plano-e-esse-eduardo-leite\/\">Eduardo Leite (PSDB)<\/a><\/li>\n<li><a href=\"http:\/\/www2.comunitaria.com.br\/en\/que-plano-e-esse-jose-ivo-sartori\/\">Jos\u00e9 Ivo Sartori (MDB)<\/a><\/li>\n<\/ul>\n<p>Abaixo, voc\u00ea pode ouvir o Que Plano \u00e9 Esse dos candidatos a Presid\u00eancia da Rep\u00fablica:<\/p>\n<p>Parte 1:<\/p>\n<!--[if lt IE 9]><script>document.createElement('audio');<\/script><![endif]-->\n<audio class=\"wp-audio-shortcode\" id=\"audio-34112-1\" preload=\"none\" style=\"width: 100%;\" controls=\"controls\"><source type=\"audio\/mpeg\" src=\"http:\/\/www2.comunitaria.com.br\/wp-content\/uploads\/2018\/10\/Economia-parte-1.mp3?_=1\" \/><a href=\"http:\/\/www2.comunitaria.com.br\/wp-content\/uploads\/2018\/10\/Economia-parte-1.mp3\">http:\/\/www2.comunitaria.com.br\/wp-content\/uploads\/2018\/10\/Economia-parte-1.mp3<\/a><\/audio>\n<p>Parte 2:<\/p>\n<audio class=\"wp-audio-shortcode\" id=\"audio-34112-2\" preload=\"none\" style=\"width: 100%;\" controls=\"controls\"><source type=\"audio\/mpeg\" src=\"http:\/\/www2.comunitaria.com.br\/wp-content\/uploads\/2018\/10\/economia-parte-2.mp3?_=2\" \/><a href=\"http:\/\/www2.comunitaria.com.br\/wp-content\/uploads\/2018\/10\/economia-parte-2.mp3\">http:\/\/www2.comunitaria.com.br\/wp-content\/uploads\/2018\/10\/economia-parte-2.mp3<\/a><\/audio>\n<p>Abaixo voc\u00ea pode acessar todo o Plano de Governo dos dois candidatos a Presid\u00eancia da Rep\u00fablica:<\/p>\n<ul>\n<li><a href=\"http:\/\/divulgacandcontas.tse.jus.br\/candidaturas\/oficial\/2018\/BR\/BR\/2022802018\/280000614517\/\/proposta_1534284632231.pdf\">Jair Bolsonaro (PSL)<\/a><\/li>\n<li><a href=\"http:\/\/divulgacandcontas.tse.jus.br\/candidaturas\/oficial\/2018\/BR\/BR\/2022802018\/280000629808\/\/proposta_1536702143353.pdf\">Fernando Haddad (PT)<\/a><\/li>\n<\/ul>","protected":false},"excerpt":{"rendered":"<p>No&nbsp; segundo turno, o \u201cQue Plano \u00e9 Esse\u201d ir\u00e1 apresentar as principais propostas dos dois candidatos a Presid\u00eancia da Rep\u00fablica: Jair Bolsonaro (PSL) e Fernando Haddad (PT). O tema desta \u00faltima edi\u00e7\u00e3o \u00e9 quanto a Economia. Anteriormente, foram apresentadas as principais propostas dos candidatos ao governo do RS e abaixo, podem ser acessadas a edi\u00e7\u00e3o<\/p>\n<div class=\"read-more-wrapper\"><a class=\"read-more\" href=\"https:\/\/www2.comunitaria.com.br\/en\/que-plano-e-esse-economia\/\" title=\"Read More\"> <span class=\"button\">Read More<\/span><\/a><\/div>","protected":false},"author":2,"featured_media":34118,"comment_status":"open","ping_status":"closed","sticky":false,"template":"","format":"standard","meta":{"ngg_post_thumbnail":0,"footnotes":""},"categories":[51,47,39,44,993,46,42,33,38,43,37],"tags":[384,4184,4183,4161],"class_list":["post-34112","post","type-post","status-publish","format-standard","has-post-thumbnail","hentry","category-audio","category-brasil","category-economia","category-educacao","category-entrevista","category-estado","category-fred-west","category-noticias","category-politica","category-regiao","category-saude","tag-economia-2","tag-fernando-haddad","tag-jair-bolsonaro","tag-que-plano-e-esse"],"amp_enabled":true,"_links":{"self":[{"href":"https:\/\/www2.comunitaria.com.br\/en\/wp-json\/wp\/v2\/posts\/34112","targetHints":{"allow":["GET"]}}],"collection":[{"href":"https:\/\/www2.comunitaria.com.br\/en\/wp-json\/wp\/v2\/posts"}],"about":[{"href":"https:\/\/www2.comunitaria.com.br\/en\/wp-json\/wp\/v2\/types\/post"}],"author":[{"embeddable":true,"href":"https:\/\/www2.comunitaria.com.br\/en\/wp-json\/wp\/v2\/users\/2"}],"replies":[{"embeddable":true,"href":"https:\/\/www2.comunitaria.com.br\/en\/wp-json\/wp\/v2\/comments?post=34112"}],"version-history":[{"count":0,"href":"https:\/\/www2.comunitaria.com.br\/en\/wp-json\/wp\/v2\/posts\/34112\/revisions"}],"wp:featuredmedia":[{"embeddable":true,"href":"https:\/\/www2.comunitaria.com.br\/en\/wp-json\/wp\/v2\/media\/34118"}],"wp:attachment":[{"href":"https:\/\/www2.comunitaria.com.br\/en\/wp-json\/wp\/v2\/media?parent=34112"}],"wp:term":[{"taxonomy":"category","embeddable":true,"href":"https:\/\/www2.comunitaria.com.br\/en\/wp-json\/wp\/v2\/categories?post=34112"},{"taxonomy":"post_tag","embeddable":true,"href":"https:\/\/www2.comunitaria.com.br\/en\/wp-json\/wp\/v2\/tags?post=34112"}],"curies":[{"name":"wp","href":"https:\/\/api.w.org\/{rel}","templated":true}]}}