{"id":34031,"date":"2018-10-22T12:51:34","date_gmt":"2018-10-22T14:51:34","guid":{"rendered":"http:\/\/www2.comunitaria.com.br\/?p=34031"},"modified":"2018-10-24T14:58:50","modified_gmt":"2018-10-24T16:58:50","slug":"que-plano-e-esse-seguranca","status":"publish","type":"post","link":"https:\/\/www2.comunitaria.com.br\/en\/que-plano-e-esse-seguranca\/","title":{"rendered":"Que Plano \u00e9 esse: Seguran\u00e7a"},"content":{"rendered":"<p>Neste segundo turno, o &#8220;Que Plano \u00e9 Esse&#8221; ir\u00e1 apresentar as principais propostas dos dois candidatos a Presid\u00eancia da Rep\u00fablica: Jair Bolsonaro (PSL) e Fernando Haddad (PT). O tema desta edi\u00e7\u00e3o \u00e9 quanto a Seguran\u00e7a.&nbsp;<\/p>\n<p>Anteriormente, foram apresentadas as principais propostas dos candidatos ao governo do RS e abaixo, podem ser acessadas a edi\u00e7\u00e3o do Que Plano \u00e9 Esse de Eduardo Leite (PSDB) e Jos\u00e9 Ivo Sartori (MDB).<\/p>\n<ul>\n<li><a href=\"http:\/\/www2.comunitaria.com.br\/en\/que-plano-e-esse-eduardo-leite\/\">Eduardo Leite (PSDB)<\/a><\/li>\n<li><a href=\"http:\/\/www2.comunitaria.com.br\/en\/que-plano-e-esse-jose-ivo-sartori\/\">Jos\u00e9 Ivo Sartori (MDB)<\/a><\/li>\n<\/ul>\n<p>Abaixo, voc\u00ea pode ouvir o Que Plano \u00e9 Esse dos candidatos a Presid\u00eancia da Rep\u00fablica:<\/p>\n<p>Parte 1:<\/p>\n<!--[if lt IE 9]><script>document.createElement('audio');<\/script><![endif]-->\n<audio class=\"wp-audio-shortcode\" id=\"audio-34031-1\" preload=\"none\" style=\"width: 100%;\" controls=\"controls\"><source type=\"audio\/mpeg\" src=\"http:\/\/www2.comunitaria.com.br\/wp-content\/uploads\/2018\/10\/parte-1.mp3?_=1\" \/><a href=\"http:\/\/www2.comunitaria.com.br\/wp-content\/uploads\/2018\/10\/parte-1.mp3\">http:\/\/www2.comunitaria.com.br\/wp-content\/uploads\/2018\/10\/parte-1.mp3<\/a><\/audio>\n<p>Parte 2:<\/p>\n<audio class=\"wp-audio-shortcode\" id=\"audio-34031-2\" preload=\"none\" style=\"width: 100%;\" controls=\"controls\"><source type=\"audio\/mpeg\" src=\"http:\/\/www2.comunitaria.com.br\/wp-content\/uploads\/2018\/10\/parte-2.mp3?_=2\" \/><a href=\"http:\/\/www2.comunitaria.com.br\/wp-content\/uploads\/2018\/10\/parte-2.mp3\">http:\/\/www2.comunitaria.com.br\/wp-content\/uploads\/2018\/10\/parte-2.mp3<\/a><\/audio>\n<p>J\u00e1 os planos de governo de cada candidato, voc\u00ea tamb\u00e9m pode acessar abaixo:<\/p>\n<ul>\n<li><a href=\"http:\/\/divulgacandcontas.tse.jus.br\/candidaturas\/oficial\/2018\/BR\/BR\/2022802018\/280000614517\/\/proposta_1534284632231.pdf\">Jair Bolsonaro (PSL)<\/a><\/li>\n<li><a href=\"http:\/\/divulgacandcontas.tse.jus.br\/candidaturas\/oficial\/2018\/BR\/BR\/2022802018\/280000629808\/\/proposta_1536702143353.pdf\">Fernando Haddad (PT)<\/a><\/li>\n<\/ul>\n<p>A pr\u00f3xima edi\u00e7\u00e3o do Que Plano \u00e9 Esse, ser\u00e1 sobre as principais propostas relacionadas a Sa\u00fade.<\/p>","protected":false},"excerpt":{"rendered":"<p>Neste segundo turno, o &#8220;Que Plano \u00e9 Esse&#8221; ir\u00e1 apresentar as principais propostas dos dois candidatos a Presid\u00eancia da Rep\u00fablica: Jair Bolsonaro (PSL) e Fernando Haddad (PT). O tema desta edi\u00e7\u00e3o \u00e9 quanto a Seguran\u00e7a.&nbsp; Anteriormente, foram apresentadas as principais propostas dos candidatos ao governo do RS e abaixo, podem ser acessadas a edi\u00e7\u00e3o do<\/p>\n<div class=\"read-more-wrapper\"><a class=\"read-more\" href=\"https:\/\/www2.comunitaria.com.br\/en\/que-plano-e-esse-seguranca\/\" title=\"Read More\"> <span class=\"button\">Read More<\/span><\/a><\/div>","protected":false},"author":2,"featured_media":34030,"comment_status":"open","ping_status":"closed","sticky":false,"template":"","format":"standard","meta":{"ngg_post_thumbnail":0,"footnotes":""},"categories":[51,47,39,44,993,46,28,33,38,43,35],"tags":[3838,4184,4183,4185,994,4161],"class_list":["post-34031","post","type-post","status-publish","format-standard","has-post-thumbnail","hentry","category-audio","category-brasil","category-economia","category-educacao","category-entrevista","category-estado","category-destaque","category-noticias","category-politica","category-regiao","category-variedades","tag-eleicoes-2018","tag-fernando-haddad","tag-jair-bolsonaro","tag-psl","tag-pt","tag-que-plano-e-esse"],"amp_enabled":true,"_links":{"self":[{"href":"https:\/\/www2.comunitaria.com.br\/en\/wp-json\/wp\/v2\/posts\/34031","targetHints":{"allow":["GET"]}}],"collection":[{"href":"https:\/\/www2.comunitaria.com.br\/en\/wp-json\/wp\/v2\/posts"}],"about":[{"href":"https:\/\/www2.comunitaria.com.br\/en\/wp-json\/wp\/v2\/types\/post"}],"author":[{"embeddable":true,"href":"https:\/\/www2.comunitaria.com.br\/en\/wp-json\/wp\/v2\/users\/2"}],"replies":[{"embeddable":true,"href":"https:\/\/www2.comunitaria.com.br\/en\/wp-json\/wp\/v2\/comments?post=34031"}],"version-history":[{"count":0,"href":"https:\/\/www2.comunitaria.com.br\/en\/wp-json\/wp\/v2\/posts\/34031\/revisions"}],"wp:featuredmedia":[{"embeddable":true,"href":"https:\/\/www2.comunitaria.com.br\/en\/wp-json\/wp\/v2\/media\/34030"}],"wp:attachment":[{"href":"https:\/\/www2.comunitaria.com.br\/en\/wp-json\/wp\/v2\/media?parent=34031"}],"wp:term":[{"taxonomy":"category","embeddable":true,"href":"https:\/\/www2.comunitaria.com.br\/en\/wp-json\/wp\/v2\/categories?post=34031"},{"taxonomy":"post_tag","embeddable":true,"href":"https:\/\/www2.comunitaria.com.br\/en\/wp-json\/wp\/v2\/tags?post=34031"}],"curies":[{"name":"wp","href":"https:\/\/api.w.org\/{rel}","templated":true}]}}