{"id":34020,"date":"2018-10-22T09:58:45","date_gmt":"2018-10-22T11:58:45","guid":{"rendered":"http:\/\/www2.comunitaria.com.br\/?p=34020"},"modified":"2018-10-22T10:00:40","modified_gmt":"2018-10-22T12:00:40","slug":"encerra-nesta-segunda-feira-inscricoes-para-bolsas-de-estudo-na-escola-da-uri","status":"publish","type":"post","link":"https:\/\/www2.comunitaria.com.br\/en\/encerra-nesta-segunda-feira-inscricoes-para-bolsas-de-estudo-na-escola-da-uri\/","title":{"rendered":"Encerram nesta segunda-feira inscri\u00e7\u00f5es para bolsas de estudo na Escola da URI"},"content":{"rendered":"<p style=\"text-align: justify;\"><span style=\"font-weight: 400;\">Se encerram nesta segunda-feira, 22, as inscri\u00e7\u00f5es &nbsp;para o processo seletivo de concess\u00e3o de bolsas de estudos para 2019 da Escola de Educa\u00e7\u00e3o B\u00e1sica da URI\/FW.&nbsp;<\/span><span style=\"font-weight: 400;\">A inscri\u00e7\u00e3o deve ser realizada da sede da Universidade.&nbsp;&nbsp;<\/span><\/p>\n<p style=\"text-align: justify;\">Podem se inscrever os estudantes que apresentam renda familiar bruta mensal per capita n\u00e3o excedente ao valor de um sal\u00e1rio m\u00ednimo e meio. Ap\u00f3s a sele\u00e7\u00e3o, ser\u00e1 realizada visita domiciliar e tamb\u00e9m entrevistas com os candidatos.&nbsp;<\/p>\n<p style=\"text-align: justify;\"><span style=\"font-weight: 400;\">Segundo a Dire\u00e7\u00e3o da Escola da URI, ser\u00e3o concedidas sete bolsas de 100% para alunos do 1\u00ba ano. Confira o edital completo e tamb\u00e9m a resolu\u00e7\u00e3o da Reitoria da URI <a href=\"http:\/\/www.fw.uri.br\/site\/noticia\/4752\/aberto-edital-de-bolsas-da-escola-de-educacao-basica-da-uri\" target=\"_blank\" rel=\"noopener\">no site da universidade.&nbsp;<\/a><\/span><\/p>","protected":false},"excerpt":{"rendered":"<p>Se encerram nesta segunda-feira, 22, as inscri\u00e7\u00f5es &nbsp;para o processo seletivo de concess\u00e3o de bolsas de estudos para 2019 da Escola de Educa\u00e7\u00e3o B\u00e1sica da URI\/FW.&nbsp;A inscri\u00e7\u00e3o deve ser realizada&#8230;<\/p>","protected":false},"author":2,"featured_media":34021,"comment_status":"open","ping_status":"closed","sticky":false,"template":"","format":"standard","meta":{"ngg_post_thumbnail":0,"footnotes":""},"categories":[44,42,33],"tags":[4168,413,4181,2075,2999],"class_list":["post-34020","post","type-post","status-publish","format-standard","has-post-thumbnail","hentry","category-educacao","category-fred-west","category-noticias","tag-bolsas","tag-educacao-2","tag-escola-da-uri","tag-estudo","tag-urifw"],"amp_enabled":true,"_links":{"self":[{"href":"https:\/\/www2.comunitaria.com.br\/en\/wp-json\/wp\/v2\/posts\/34020","targetHints":{"allow":["GET"]}}],"collection":[{"href":"https:\/\/www2.comunitaria.com.br\/en\/wp-json\/wp\/v2\/posts"}],"about":[{"href":"https:\/\/www2.comunitaria.com.br\/en\/wp-json\/wp\/v2\/types\/post"}],"author":[{"embeddable":true,"href":"https:\/\/www2.comunitaria.com.br\/en\/wp-json\/wp\/v2\/users\/2"}],"replies":[{"embeddable":true,"href":"https:\/\/www2.comunitaria.com.br\/en\/wp-json\/wp\/v2\/comments?post=34020"}],"version-history":[{"count":0,"href":"https:\/\/www2.comunitaria.com.br\/en\/wp-json\/wp\/v2\/posts\/34020\/revisions"}],"wp:featuredmedia":[{"embeddable":true,"href":"https:\/\/www2.comunitaria.com.br\/en\/wp-json\/wp\/v2\/media\/34021"}],"wp:attachment":[{"href":"https:\/\/www2.comunitaria.com.br\/en\/wp-json\/wp\/v2\/media?parent=34020"}],"wp:term":[{"taxonomy":"category","embeddable":true,"href":"https:\/\/www2.comunitaria.com.br\/en\/wp-json\/wp\/v2\/categories?post=34020"},{"taxonomy":"post_tag","embeddable":true,"href":"https:\/\/www2.comunitaria.com.br\/en\/wp-json\/wp\/v2\/tags?post=34020"}],"curies":[{"name":"wp","href":"https:\/\/api.w.org\/{rel}","templated":true}]}}