{"id":33894,"date":"2018-10-11T10:26:37","date_gmt":"2018-10-11T12:26:37","guid":{"rendered":"http:\/\/www2.comunitaria.com.br\/?p=33894"},"modified":"2018-10-11T10:33:18","modified_gmt":"2018-10-11T12:33:18","slug":"definida-programacao-da-1a-oktoberfred","status":"publish","type":"post","link":"https:\/\/www2.comunitaria.com.br\/en\/definida-programacao-da-1a-oktoberfred\/","title":{"rendered":"Definida programa\u00e7\u00e3o da 1\u00aa Oktoberfred"},"content":{"rendered":"<p style=\"text-align: justify;\"><span style=\"font-weight: 400;\">Entre os dias 20 e 21 de outubro, o Centro Cultural 25 de Julho, com apoio da Administra\u00e7\u00e3o Municipal, realizar\u00e1 a 1\u00aa edi\u00e7\u00e3o da Oktoberfred e o evento acontecer\u00e1 na Pra\u00e7a da Matriz, com o intuito celebrar a cultura germ\u00e2nica. <\/span><\/p>\n<p style=\"text-align: justify;\"><span style=\"font-weight: 400;\">A abertura oficial do evento ser\u00e1 realizada no dia 20, \u00e0s 10 horas, em seguida ser\u00e1 realizado um desfile pelas ruas da cidade com distribui\u00e7\u00e3o de chopp, tradicionalmente conhecido como bierwagen, com a presen\u00e7a confirmada do ex-jogador Sandro Sotilli, personalidade tradicional nas festividades alem\u00e3s. A programa\u00e7\u00e3o tamb\u00e9m contar\u00e1 com venda de comidas t\u00edpicas, al\u00e9m de shows e apresenta\u00e7\u00f5es culturais.<\/span><\/p>\n<p style=\"text-align: justify;\"><span style=\"font-weight: 400;\">Durante os dois dias de evento tamb\u00e9m acontecer\u00e3o jogos germ\u00e2nicos, como: corrida do tamanco, estoura o bal\u00e3o dan\u00e7ando, serra em dupla ou casal, chopp em metro, comer cuca em menos tempo e o alem\u00e3o mais \u201cestiloso\u201d. As competi\u00e7\u00f5es do evento tem inscri\u00e7\u00f5es gratuitas e devem ser feitas no local. Confira a programa\u00e7\u00e3o completa: <\/span><\/p>\n<h4 style=\"text-align: justify;\"><b>20 de outubro (S\u00e1bado)<\/b><\/h4>\n<p style=\"text-align: justify;\"><span style=\"font-weight: 400;\">10 horas &#8211; Abertura Oficial do evento<br \/>\n<\/span><span style=\"font-weight: 400;\">10h15min &#8211; Desfile pelas ruas da cidade com distribui\u00e7\u00e3o de chopp (Bierwagen) &#8211; Presen\u00e7a de Sandro Sotilli<br \/>\n<\/span>14h30min &#8211; In\u00edcio dos jogos germ\u00e2nicos com premia\u00e7\u00e3o<br \/>\n<span style=\"font-weight: 400;\">20 horas &#8211; &nbsp;Apresenta\u00e7\u00e3o dos grupos de dan\u00e7a do Centro Cultural 25 de Julho, e, logo ap\u00f3s baile com Musical Esperan\u00e7a<\/span><\/p>\n<h4 style=\"text-align: justify;\"><b> 21 de outubro (Domingo)<\/b><\/h4>\n<p style=\"text-align: justify;\"><span style=\"font-weight: 400;\">10 horas &#8211; Abertura oficial, venda de comidas t\u00edpicas e jogos germ\u00e2nicos<br \/>\n<\/span><span style=\"font-weight: 400;\">14 horas &#8211; Mostra de cervejas artesanais e matin\u00ea com anima\u00e7\u00e3o do Trio da Fronteira, de Itapiranga<br \/>\n<\/span><span style=\"font-weight: 400;\">16 horas &#8211; Apresenta\u00e7\u00e3o dos grupos de dan\u00e7a do Centro Cultural 25 de Julho<br \/>\n<\/span><span style=\"font-weight: 400;\">20 horas &#8211; Show do sexteto Tempero Brasil<\/span><\/p>","protected":false},"excerpt":{"rendered":"<p>Entre os dias 20 e 21 de outubro, o Centro Cultural 25 de Julho, com apoio da Administra\u00e7\u00e3o Municipal, realizar\u00e1 a 1\u00aa edi\u00e7\u00e3o da Oktoberfred e o evento acontecer\u00e1 na Pra\u00e7a da Matriz, com o intuito celebrar a cultura germ\u00e2nica. A abertura oficial do evento ser\u00e1 realizada no dia 20, \u00e0s 10 horas, em seguida<\/p>\n<div class=\"read-more-wrapper\"><a class=\"read-more\" href=\"https:\/\/www2.comunitaria.com.br\/en\/definida-programacao-da-1a-oktoberfred\/\" title=\"Read More\"> <span class=\"button\">Read More<\/span><\/a><\/div>","protected":false},"author":2,"featured_media":33896,"comment_status":"open","ping_status":"closed","sticky":false,"template":"","format":"standard","meta":{"ngg_post_thumbnail":0,"footnotes":""},"categories":[3593,46,42,100,33,35],"tags":[1001,1159,4173,1165],"class_list":["post-33894","post","type-post","status-publish","format-standard","has-post-thumbnail","hentry","category-cultura","category-estado","category-fred-west","category-musica","category-noticias","category-variedades","tag-cultura","tag-musica","tag-oktoberfred","tag-variedades"],"amp_enabled":true,"_links":{"self":[{"href":"https:\/\/www2.comunitaria.com.br\/en\/wp-json\/wp\/v2\/posts\/33894","targetHints":{"allow":["GET"]}}],"collection":[{"href":"https:\/\/www2.comunitaria.com.br\/en\/wp-json\/wp\/v2\/posts"}],"about":[{"href":"https:\/\/www2.comunitaria.com.br\/en\/wp-json\/wp\/v2\/types\/post"}],"author":[{"embeddable":true,"href":"https:\/\/www2.comunitaria.com.br\/en\/wp-json\/wp\/v2\/users\/2"}],"replies":[{"embeddable":true,"href":"https:\/\/www2.comunitaria.com.br\/en\/wp-json\/wp\/v2\/comments?post=33894"}],"version-history":[{"count":0,"href":"https:\/\/www2.comunitaria.com.br\/en\/wp-json\/wp\/v2\/posts\/33894\/revisions"}],"wp:featuredmedia":[{"embeddable":true,"href":"https:\/\/www2.comunitaria.com.br\/en\/wp-json\/wp\/v2\/media\/33896"}],"wp:attachment":[{"href":"https:\/\/www2.comunitaria.com.br\/en\/wp-json\/wp\/v2\/media?parent=33894"}],"wp:term":[{"taxonomy":"category","embeddable":true,"href":"https:\/\/www2.comunitaria.com.br\/en\/wp-json\/wp\/v2\/categories?post=33894"},{"taxonomy":"post_tag","embeddable":true,"href":"https:\/\/www2.comunitaria.com.br\/en\/wp-json\/wp\/v2\/tags?post=33894"}],"curies":[{"name":"wp","href":"https:\/\/api.w.org\/{rel}","templated":true}]}}