{"id":33857,"date":"2018-10-10T12:07:54","date_gmt":"2018-10-10T14:07:54","guid":{"rendered":"http:\/\/www2.comunitaria.com.br\/?p=33857"},"modified":"2018-10-10T12:11:01","modified_gmt":"2018-10-10T14:11:01","slug":"dionilso-marcon-sem-medo-de-defender-ideias","status":"publish","type":"post","link":"https:\/\/www2.comunitaria.com.br\/en\/dionilso-marcon-sem-medo-de-defender-ideias\/","title":{"rendered":"Dionilso Marcon: &#8220;Sem medo de defender ideias&#8221;"},"content":{"rendered":"<p style=\"text-align: justify;\">Com os votos definidos e os novos deputados federais e estaduais eleitos, a R\u00e1dio Comunit\u00e1ria inicia nesta quarta-feira, 9, uma s\u00e9rie de entrevistas com os deputados mais votados em Frederico Westphalen, com o intuito de conhecer suas propostas para a regi\u00e3o e tamb\u00e9m quais suas prioridades nos cen\u00e1rios estadual e federal.&nbsp;<\/p>\n<p style=\"text-align: justify;\">Na manh\u00e3 de hoje conversamos com o deputado federal Dionilso Marcon (PT) que totalizou no estado 122.838 votos e, em Frederico Westphalen, somou 1.086 votos neste pleito. Confira a entrevista:&nbsp;&nbsp;<\/p>\n<!--[if lt IE 9]><script>document.createElement('audio');<\/script><![endif]-->\n<audio class=\"wp-audio-shortcode\" id=\"audio-33857-1\" preload=\"none\" style=\"width: 100%;\" controls=\"controls\"><source type=\"audio\/mpeg\" src=\"http:\/\/www2.comunitaria.com.br\/wp-content\/uploads\/2018\/10\/Marcon-Mono.mp3?_=1\" \/><a href=\"http:\/\/www2.comunitaria.com.br\/wp-content\/uploads\/2018\/10\/Marcon-Mono.mp3\">http:\/\/www2.comunitaria.com.br\/wp-content\/uploads\/2018\/10\/Marcon-Mono.mp3<\/a><\/audio>","protected":false},"excerpt":{"rendered":"<p>Com os votos definidos e os novos deputados federais e estaduais eleitos, a R\u00e1dio Comunit\u00e1ria inicia nesta quarta-feira, 9, uma s\u00e9rie de entrevistas com os deputados mais votados em Frederico Westphalen, com o intuito de conhecer suas propostas para a regi\u00e3o e tamb\u00e9m quais suas prioridades nos cen\u00e1rios estadual e federal.&nbsp; Na manh\u00e3 de hoje<\/p>\n<div class=\"read-more-wrapper\"><a class=\"read-more\" href=\"https:\/\/www2.comunitaria.com.br\/en\/dionilso-marcon-sem-medo-de-defender-ideias\/\" title=\"Read More\"> <span class=\"button\">Read More<\/span><\/a><\/div>","protected":false},"author":2,"featured_media":33872,"comment_status":"open","ping_status":"closed","sticky":false,"template":"","format":"standard","meta":{"ngg_post_thumbnail":0,"footnotes":""},"categories":[47,42,28,33,38],"tags":[261,1750,3838,4171,1079],"class_list":["post-33857","post","type-post","status-publish","format-standard","has-post-thumbnail","hentry","category-brasil","category-fred-west","category-destaque","category-noticias","category-politica","tag-deputados","tag-eleicoes","tag-eleicoes-2018","tag-fala-deputado","tag-politica"],"amp_enabled":true,"_links":{"self":[{"href":"https:\/\/www2.comunitaria.com.br\/en\/wp-json\/wp\/v2\/posts\/33857","targetHints":{"allow":["GET"]}}],"collection":[{"href":"https:\/\/www2.comunitaria.com.br\/en\/wp-json\/wp\/v2\/posts"}],"about":[{"href":"https:\/\/www2.comunitaria.com.br\/en\/wp-json\/wp\/v2\/types\/post"}],"author":[{"embeddable":true,"href":"https:\/\/www2.comunitaria.com.br\/en\/wp-json\/wp\/v2\/users\/2"}],"replies":[{"embeddable":true,"href":"https:\/\/www2.comunitaria.com.br\/en\/wp-json\/wp\/v2\/comments?post=33857"}],"version-history":[{"count":0,"href":"https:\/\/www2.comunitaria.com.br\/en\/wp-json\/wp\/v2\/posts\/33857\/revisions"}],"wp:featuredmedia":[{"embeddable":true,"href":"https:\/\/www2.comunitaria.com.br\/en\/wp-json\/wp\/v2\/media\/33872"}],"wp:attachment":[{"href":"https:\/\/www2.comunitaria.com.br\/en\/wp-json\/wp\/v2\/media?parent=33857"}],"wp:term":[{"taxonomy":"category","embeddable":true,"href":"https:\/\/www2.comunitaria.com.br\/en\/wp-json\/wp\/v2\/categories?post=33857"},{"taxonomy":"post_tag","embeddable":true,"href":"https:\/\/www2.comunitaria.com.br\/en\/wp-json\/wp\/v2\/tags?post=33857"}],"curies":[{"name":"wp","href":"https:\/\/api.w.org\/{rel}","templated":true}]}}