{"id":33773,"date":"2018-10-02T10:39:11","date_gmt":"2018-10-02T12:39:11","guid":{"rendered":"http:\/\/www2.comunitaria.com.br\/?p=33773"},"modified":"2018-10-02T10:39:11","modified_gmt":"2018-10-02T12:39:11","slug":"suspeito-de-feminicidio-e-preso-em-frederico-westphalen","status":"publish","type":"post","link":"https:\/\/www2.comunitaria.com.br\/en\/suspeito-de-feminicidio-e-preso-em-frederico-westphalen\/","title":{"rendered":"Suspeito de feminic\u00eddio \u00e9 preso em Frederico Westphalen"},"content":{"rendered":"<p style=\"text-align: justify;\">A Pol\u00edcia Civil prendeu na manh\u00e3 desta segunda-feira, 1\u00b0 de outubro, atrav\u00e9s da Delegacia de Pol\u00edcia de Frederico Westphalen, um indiv\u00edduo de 22 anos suspeito de feminic\u00eddio. Segundo investiga\u00e7\u00f5es, o homem teria desferido tr\u00eas golpes com arma branca contra a v\u00edtima de 28 anos, que foi socorrida e encaminhada ao hospital. O crime ocorreu na \u00faltima ter\u00e7a-feira, 23, no interior do munic\u00edpio.&nbsp;<\/p>\n<p><em>P.C.&nbsp;<\/em><\/p>\n<p style=\"text-align: justify;\">&nbsp;<\/p>","protected":false},"excerpt":{"rendered":"<p>A Pol\u00edcia Civil prendeu na manh\u00e3 desta segunda-feira, 1\u00b0 de outubro, atrav\u00e9s da Delegacia de Pol\u00edcia de Frederico Westphalen, um indiv\u00edduo de 22 anos suspeito de feminic\u00eddio. Segundo investiga\u00e7\u00f5es, o homem teria desferido tr\u00eas golpes com arma branca contra a v\u00edtima de 28 anos, que foi socorrida e encaminhada ao hospital. O crime ocorreu na<\/p>\n<div class=\"read-more-wrapper\"><a class=\"read-more\" href=\"https:\/\/www2.comunitaria.com.br\/en\/suspeito-de-feminicidio-e-preso-em-frederico-westphalen\/\" title=\"Read More\"> <span class=\"button\">Read More<\/span><\/a><\/div>","protected":false},"author":2,"featured_media":33774,"comment_status":"open","ping_status":"closed","sticky":false,"template":"","format":"standard","meta":{"ngg_post_thumbnail":0,"footnotes":""},"categories":[42,33,36],"tags":[3068,82,177,840],"class_list":["post-33773","post","type-post","status-publish","format-standard","has-post-thumbnail","hentry","category-fred-west","category-noticias","category-policia","tag-feminicidio","tag-frederico-westphalen","tag-policia-2","tag-prisao"],"amp_enabled":true,"_links":{"self":[{"href":"https:\/\/www2.comunitaria.com.br\/en\/wp-json\/wp\/v2\/posts\/33773","targetHints":{"allow":["GET"]}}],"collection":[{"href":"https:\/\/www2.comunitaria.com.br\/en\/wp-json\/wp\/v2\/posts"}],"about":[{"href":"https:\/\/www2.comunitaria.com.br\/en\/wp-json\/wp\/v2\/types\/post"}],"author":[{"embeddable":true,"href":"https:\/\/www2.comunitaria.com.br\/en\/wp-json\/wp\/v2\/users\/2"}],"replies":[{"embeddable":true,"href":"https:\/\/www2.comunitaria.com.br\/en\/wp-json\/wp\/v2\/comments?post=33773"}],"version-history":[{"count":0,"href":"https:\/\/www2.comunitaria.com.br\/en\/wp-json\/wp\/v2\/posts\/33773\/revisions"}],"wp:featuredmedia":[{"embeddable":true,"href":"https:\/\/www2.comunitaria.com.br\/en\/wp-json\/wp\/v2\/media\/33774"}],"wp:attachment":[{"href":"https:\/\/www2.comunitaria.com.br\/en\/wp-json\/wp\/v2\/media?parent=33773"}],"wp:term":[{"taxonomy":"category","embeddable":true,"href":"https:\/\/www2.comunitaria.com.br\/en\/wp-json\/wp\/v2\/categories?post=33773"},{"taxonomy":"post_tag","embeddable":true,"href":"https:\/\/www2.comunitaria.com.br\/en\/wp-json\/wp\/v2\/tags?post=33773"}],"curies":[{"name":"wp","href":"https:\/\/api.w.org\/{rel}","templated":true}]}}