{"id":33706,"date":"2018-09-26T16:12:23","date_gmt":"2018-09-26T18:12:23","guid":{"rendered":"http:\/\/www2.comunitaria.com.br\/?p=33706"},"modified":"2018-09-26T16:12:23","modified_gmt":"2018-09-26T18:12:23","slug":"defensoria-publica-informa-saiba-mais-sobre-garantia-de-medicamentos","status":"publish","type":"post","link":"https:\/\/www2.comunitaria.com.br\/en\/defensoria-publica-informa-saiba-mais-sobre-garantia-de-medicamentos\/","title":{"rendered":"Defensoria P\u00fablica Informa: Saiba mais sobre garantia de medicamentos"},"content":{"rendered":"<p style=\"text-align: justify;\">A Defensoria P\u00fablica do Estado do Rio Grande do Sul, disponibiliza diariamente informativos que trazem entrevistas, not\u00edcias e orienta\u00e7\u00f5es sobre a atua\u00e7\u00e3o e temas da Defensoria P\u00fablica. Inaugurada em 19 de maio de 2015 e conduzida pela Assessoria de Comunica\u00e7\u00e3o Social, a iniciativa contribui para a divulga\u00e7\u00e3o de informa\u00e7\u00f5es e a amplia\u00e7\u00e3o do conhecimento das pessoas assistidas.&nbsp;&nbsp;<\/p>\n<p style=\"text-align: justify;\">Confira as informa\u00e7\u00f5es desta semana:<\/p>\n<div>\n<p align=\"left\">C\u00f3digo de Defesa do Consumidor:&nbsp;<\/p>\n<audio class=\"wp-audio-shortcode\" id=\"audio-33706-1\" preload=\"none\" style=\"width: 100%;\" controls=\"controls\"><source type=\"audio\/mpeg\" src=\"http:\/\/www2.comunitaria.com.br\/wp-content\/uploads\/2018\/09\/DPE-Informa-17.09.2018-C\u00c3\u00b3digo-de-Defesa-do-Consumidor.mp3?_=1\" \/><a href=\"http:\/\/www2.comunitaria.com.br\/wp-content\/uploads\/2018\/09\/DPE-Informa-17.09.2018-C\u00c3\u00b3digo-de-Defesa-do-Consumidor.mp3\">http:\/\/www2.comunitaria.com.br\/wp-content\/uploads\/2018\/09\/DPE-Informa-17.09.2018-C\u00c3\u00b3digo-de-Defesa-do-Consumidor.mp3<\/a><\/audio>\n<div>\n<p align=\"left\">Liga\u00e7\u00e3o de luz:&nbsp;<\/p>\n<audio class=\"wp-audio-shortcode\" id=\"audio-33706-2\" preload=\"none\" style=\"width: 100%;\" controls=\"controls\"><source type=\"audio\/mpeg\" src=\"http:\/\/www2.comunitaria.com.br\/wp-content\/uploads\/2018\/09\/DPE-Informa-18.09.2018-Liga\u00c3\u00a7\u00c3\u00a3o-de-luz.mp3?_=2\" \/><a href=\"http:\/\/www2.comunitaria.com.br\/wp-content\/uploads\/2018\/09\/DPE-Informa-18.09.2018-Liga\u00c3\u00a7\u00c3\u00a3o-de-luz.mp3\">http:\/\/www2.comunitaria.com.br\/wp-content\/uploads\/2018\/09\/DPE-Informa-18.09.2018-Liga\u00c3\u00a7\u00c3\u00a3o-de-luz.mp3<\/a><\/audio>\n<div>\n<p align=\"left\"><span style=\"font-family: Verdana;\">Aux\u00edlio da DPERS para garantia de medicamentos acima do or\u00e7amento do assistido<\/span><span style=\"font-family: Verdana;\"><span style=\"color: #000000; font-family: Garamond, serif;\">:&nbsp;<\/span><\/span><\/p>\n<\/div>\n<\/div>\n<\/div>\n<audio class=\"wp-audio-shortcode\" id=\"audio-33706-3\" preload=\"none\" style=\"width: 100%;\" controls=\"controls\"><source type=\"audio\/mpeg\" src=\"http:\/\/www2.comunitaria.com.br\/wp-content\/uploads\/2018\/09\/DPE-Informa-19.09.2018-Aux\u00c3\u00adlio-da-DPERS-para-garantia-de-medicamentos-acima-do-or\u00c3\u00a7amento-do-assistido.mp3?_=3\" \/><a href=\"http:\/\/www2.comunitaria.com.br\/wp-content\/uploads\/2018\/09\/DPE-Informa-19.09.2018-Aux\u00c3\u00adlio-da-DPERS-para-garantia-de-medicamentos-acima-do-or\u00c3\u00a7amento-do-assistido.mp3\">http:\/\/www2.comunitaria.com.br\/wp-content\/uploads\/2018\/09\/DPE-Informa-19.09.2018-Aux\u00c3\u00adlio-da-DPERS-para-garantia-de-medicamentos-acima-do-or\u00c3\u00a7amento-do-assistido.mp3<\/a><\/audio>\n<p style=\"text-align: justify;\">\nPara mais informa\u00e7\u00f5es basta acessar o&nbsp;<a href=\"http:\/\/www.defensoria.rs.def.br\/inicial\" target=\"_blank\" rel=\"noopener noreferrer\">site da Defensoria P\u00fablica.&nbsp;<\/a><\/p>","protected":false},"excerpt":{"rendered":"<p>A Defensoria P\u00fablica do Estado do Rio Grande do Sul, disponibiliza diariamente informativos que trazem entrevistas, not\u00edcias e orienta\u00e7\u00f5es sobre a atua\u00e7\u00e3o e temas da Defensoria P\u00fablica. Inaugurada em 19&#8230;<\/p>","protected":false},"author":2,"featured_media":33513,"comment_status":"open","ping_status":"closed","sticky":false,"template":"","format":"standard","meta":{"ngg_post_thumbnail":0,"footnotes":""},"categories":[51,46,33],"tags":[4060,519,4077],"class_list":["post-33706","post","type-post","status-publish","format-standard","has-post-thumbnail","hentry","category-audio","category-estado","category-noticias","tag-defensoria-publica","tag-estado-2","tag-informativo"],"amp_enabled":true,"_links":{"self":[{"href":"https:\/\/www2.comunitaria.com.br\/en\/wp-json\/wp\/v2\/posts\/33706","targetHints":{"allow":["GET"]}}],"collection":[{"href":"https:\/\/www2.comunitaria.com.br\/en\/wp-json\/wp\/v2\/posts"}],"about":[{"href":"https:\/\/www2.comunitaria.com.br\/en\/wp-json\/wp\/v2\/types\/post"}],"author":[{"embeddable":true,"href":"https:\/\/www2.comunitaria.com.br\/en\/wp-json\/wp\/v2\/users\/2"}],"replies":[{"embeddable":true,"href":"https:\/\/www2.comunitaria.com.br\/en\/wp-json\/wp\/v2\/comments?post=33706"}],"version-history":[{"count":0,"href":"https:\/\/www2.comunitaria.com.br\/en\/wp-json\/wp\/v2\/posts\/33706\/revisions"}],"wp:featuredmedia":[{"embeddable":true,"href":"https:\/\/www2.comunitaria.com.br\/en\/wp-json\/wp\/v2\/media\/33513"}],"wp:attachment":[{"href":"https:\/\/www2.comunitaria.com.br\/en\/wp-json\/wp\/v2\/media?parent=33706"}],"wp:term":[{"taxonomy":"category","embeddable":true,"href":"https:\/\/www2.comunitaria.com.br\/en\/wp-json\/wp\/v2\/categories?post=33706"},{"taxonomy":"post_tag","embeddable":true,"href":"https:\/\/www2.comunitaria.com.br\/en\/wp-json\/wp\/v2\/tags?post=33706"}],"curies":[{"name":"wp","href":"https:\/\/api.w.org\/{rel}","templated":true}]}}