{"id":33683,"date":"2018-09-24T10:21:50","date_gmt":"2018-09-24T12:21:50","guid":{"rendered":"http:\/\/www2.comunitaria.com.br\/?p=33683"},"modified":"2018-09-24T10:22:18","modified_gmt":"2018-09-24T12:22:18","slug":"feijoada-em-prol-do-hdp-serve-1320-porcoes","status":"publish","type":"post","link":"https:\/\/www2.comunitaria.com.br\/en\/feijoada-em-prol-do-hdp-serve-1320-porcoes\/","title":{"rendered":"Feijoada em prol do HDP serve 1320 por\u00e7\u00f5es"},"content":{"rendered":"<p style=\"font-weight: 400; text-align: justify;\">Neste s\u00e1bado, 22, aconteceu a feijoada em prol do Hospital Divina Provid\u00eancia (HDP), na Pra\u00e7a da Matriz em Frederico Westphalen, encerrando a programa\u00e7\u00e3o da Semana Farroupilha do munic\u00edpio.<\/p>\n<p style=\"font-weight: 400; text-align: justify;\">Ao todo foram entregues 1.320 por\u00e7\u00f5es de feijoada, das 10h \u00e0s 14h.&nbsp;A feijoada foi preparada pela \u201cEquipe da Feijoada\u201d, juntamente com volunt\u00e1rios de diversas entidades da cidade e funcion\u00e1rios e dire\u00e7\u00e3o do HDP.&nbsp;Ao todo foram produzidas duas toneladas de feijoada e todo o valor arrecadado foi destinado ao Hospital. \u201cO dinheiro ser\u00e1 agregado ao valor que j\u00e1 temos de outras campanhas j\u00e1 realizadas, e ser\u00e1 utilizado para a remodela\u00e7\u00e3o da recep\u00e7\u00e3o, para melhor atender a popula\u00e7\u00e3o\u201d,&nbsp; salientou a Diretora Geral do HDP, Roselei Enderle.<\/p>\n<p style=\"font-weight: 400; text-align: justify;\"><em>Assessoria de Imprensa HDP<\/em><\/p>","protected":false},"excerpt":{"rendered":"<p>Neste s\u00e1bado, 22, aconteceu a feijoada em prol do Hospital Divina Provid\u00eancia (HDP), na Pra\u00e7a da Matriz em Frederico Westphalen, encerrando a programa\u00e7\u00e3o da Semana Farroupilha do munic\u00edpio. Ao todo foram entregues 1.320 por\u00e7\u00f5es de feijoada, das 10h \u00e0s 14h.&nbsp;A feijoada foi preparada pela \u201cEquipe da Feijoada\u201d, juntamente com volunt\u00e1rios de diversas entidades da cidade<\/p>\n<div class=\"read-more-wrapper\"><a class=\"read-more\" href=\"https:\/\/www2.comunitaria.com.br\/en\/feijoada-em-prol-do-hdp-serve-1320-porcoes\/\" title=\"Read More\"> <span class=\"button\">Read More<\/span><\/a><\/div>","protected":false},"author":2,"featured_media":33684,"comment_status":"open","ping_status":"closed","sticky":false,"template":"","format":"standard","meta":{"ngg_post_thumbnail":0,"footnotes":""},"categories":[42,33,37,35],"tags":[4150,1348,1522,609,175,1165],"class_list":["post-33683","post","type-post","status-publish","format-standard","has-post-thumbnail","hentry","category-fred-west","category-noticias","category-saude","category-variedades","tag-beneficente","tag-evento","tag-feijoada","tag-hdp","tag-saude-2","tag-variedades"],"amp_enabled":true,"_links":{"self":[{"href":"https:\/\/www2.comunitaria.com.br\/en\/wp-json\/wp\/v2\/posts\/33683","targetHints":{"allow":["GET"]}}],"collection":[{"href":"https:\/\/www2.comunitaria.com.br\/en\/wp-json\/wp\/v2\/posts"}],"about":[{"href":"https:\/\/www2.comunitaria.com.br\/en\/wp-json\/wp\/v2\/types\/post"}],"author":[{"embeddable":true,"href":"https:\/\/www2.comunitaria.com.br\/en\/wp-json\/wp\/v2\/users\/2"}],"replies":[{"embeddable":true,"href":"https:\/\/www2.comunitaria.com.br\/en\/wp-json\/wp\/v2\/comments?post=33683"}],"version-history":[{"count":0,"href":"https:\/\/www2.comunitaria.com.br\/en\/wp-json\/wp\/v2\/posts\/33683\/revisions"}],"wp:featuredmedia":[{"embeddable":true,"href":"https:\/\/www2.comunitaria.com.br\/en\/wp-json\/wp\/v2\/media\/33684"}],"wp:attachment":[{"href":"https:\/\/www2.comunitaria.com.br\/en\/wp-json\/wp\/v2\/media?parent=33683"}],"wp:term":[{"taxonomy":"category","embeddable":true,"href":"https:\/\/www2.comunitaria.com.br\/en\/wp-json\/wp\/v2\/categories?post=33683"},{"taxonomy":"post_tag","embeddable":true,"href":"https:\/\/www2.comunitaria.com.br\/en\/wp-json\/wp\/v2\/tags?post=33683"}],"curies":[{"name":"wp","href":"https:\/\/api.w.org\/{rel}","templated":true}]}}