{"id":33598,"date":"2018-09-14T15:45:09","date_gmt":"2018-09-14T17:45:09","guid":{"rendered":"http:\/\/www2.comunitaria.com.br\/?p=33598"},"modified":"2018-09-14T15:45:09","modified_gmt":"2018-09-14T17:45:09","slug":"sebrae-e-sicredi-apresentam-programa-de-consultorias","status":"publish","type":"post","link":"https:\/\/www2.comunitaria.com.br\/en\/sebrae-e-sicredi-apresentam-programa-de-consultorias\/","title":{"rendered":"Sebrae e Sicredi apresentam programa de consultorias"},"content":{"rendered":"<p style=\"text-align: justify;\">Oportunizar solu\u00e7\u00f5es de gest\u00e3o mais acess\u00edveis aos microempreendedores individuais, micro empresas e empresas de pequeno porte. Este \u00e9 o principal objetivo das consultorias que ser\u00e3o subsidiadas em parte e oferecidas a empres\u00e1rios de Frederico Westphalen atrav\u00e9s da parceria entre Sebrae, Sicredi Alto Uruguai, ACIFW e CDL FW. Alinhados com o compromisso de solucionar algumas demandas dos empres\u00e1rios locais, as institui\u00e7\u00f5es uniram-se para apresentar o projeto \u00e0s empresas associadas \u00e0s entidades e cooperadas do Sicredi na noite da \u00faltima ter\u00e7a-feira, 11, no sal\u00e3o nobre da ACIFW.<\/p>\n<p style=\"text-align: justify;\">Sobre a consultoria, a Gestora do Projeto de Atendimento Individual da Regional Norte do Sebrae, Catia Regina Roy, explica que inicialmente a empresa receber\u00e1 a visita de um t\u00e9cnico do Sebrae para realizar um diagn\u00f3stico para identificar quais seriam as principais necessidades daquela empresa e, na sequ\u00eancia, realizar a aplica\u00e7\u00e3o de um m\u00f3dulo da consultoria. \u201cA proposta da parceria \u00e9 focada na realiza\u00e7\u00e3o de consultorias, as quais ter\u00e3o suas entregas baseadas em necessidades pontuais das empresas. Espera-se que este formato de trabalho possa trazer uma maior aplicabilidade das a\u00e7\u00f5es ofertadas, onde \u00e9 fundamental o envolvimento do empres\u00e1rio para que as mudan\u00e7as e melhorias realmente aconte\u00e7am\u201d, comenta Catia.<\/p>\n<p style=\"text-align: justify;\">Para o diretor executivo do Sicredi Alto Uruguai RS\/SC\/M, Jaques Samuel dos Santos, \u201ca\u00e7\u00f5es como esta somente s\u00e3o poss\u00edveis, pois as entidades se unem para promover e gerar estas iniciativas. As empresas s\u00e3o as verdadeiras interessadas, mas esse interesse tamb\u00e9m \u00e9 nosso enquanto entidade, cooperativa e associa\u00e7\u00e3o comercial, que tem como miss\u00e3o tamb\u00e9m o desenvolvimento econ\u00f4mico-social da regi\u00e3o\u201d. Segundo Jaques, a proposta de participa\u00e7\u00e3o do Sicredi e entidades ser\u00e1 estruturada a partir da ades\u00e3o das empresas ao programa.<\/p>\n<p style=\"text-align: justify;\">As consultorias est\u00e3o previstas para iniciarem em Janeiro de 2019 e os empres\u00e1rios poder\u00e3o optar pelo suporte em uma das seguintes grandes \u00e1reas: Plano de Neg\u00f3cio, Estrat\u00e9gia, Finan\u00e7as, Pessoas ou Marketing e Vendas. As empresas associadas \u00e0 ACIFW ou CDLFW e ao Sicredi podem aderir ao programa at\u00e9 o dia 21 de Setembro. Mais informa\u00e7\u00f5es podem ser consultadas atrav\u00e9s do telefone (55) 3744.4244.<\/p>\n<p style=\"text-align: justify;\"><em>Ascom Sicredi RS\/SC<\/em><\/p>","protected":false},"excerpt":{"rendered":"<p>Oportunizar solu\u00e7\u00f5es de gest\u00e3o mais acess\u00edveis aos microempreendedores individuais, micro empresas e empresas de pequeno porte. Este \u00e9 o principal objetivo das consultorias que ser\u00e3o subsidiadas em parte e oferecidas a empres\u00e1rios de Frederico Westphalen atrav\u00e9s da parceria entre Sebrae, Sicredi Alto Uruguai, ACIFW e CDL FW. Alinhados com o compromisso de solucionar algumas demandas<\/p>\n<div class=\"read-more-wrapper\"><a class=\"read-more\" href=\"https:\/\/www2.comunitaria.com.br\/en\/sebrae-e-sicredi-apresentam-programa-de-consultorias\/\" title=\"Read More\"> <span class=\"button\">Read More<\/span><\/a><\/div>","protected":false},"author":2,"featured_media":33599,"comment_status":"open","ping_status":"closed","sticky":false,"template":"","format":"standard","meta":{"ngg_post_thumbnail":0,"footnotes":""},"categories":[39,42,33,35],"tags":[2401,82,508,1399,218,1165],"class_list":["post-33598","post","type-post","status-publish","format-standard","has-post-thumbnail","hentry","category-economia","category-fred-west","category-noticias","category-variedades","tag-empreendedorismo","tag-frederico-westphalen","tag-gestao","tag-sebrae","tag-sicredi","tag-variedades"],"amp_enabled":true,"_links":{"self":[{"href":"https:\/\/www2.comunitaria.com.br\/en\/wp-json\/wp\/v2\/posts\/33598","targetHints":{"allow":["GET"]}}],"collection":[{"href":"https:\/\/www2.comunitaria.com.br\/en\/wp-json\/wp\/v2\/posts"}],"about":[{"href":"https:\/\/www2.comunitaria.com.br\/en\/wp-json\/wp\/v2\/types\/post"}],"author":[{"embeddable":true,"href":"https:\/\/www2.comunitaria.com.br\/en\/wp-json\/wp\/v2\/users\/2"}],"replies":[{"embeddable":true,"href":"https:\/\/www2.comunitaria.com.br\/en\/wp-json\/wp\/v2\/comments?post=33598"}],"version-history":[{"count":0,"href":"https:\/\/www2.comunitaria.com.br\/en\/wp-json\/wp\/v2\/posts\/33598\/revisions"}],"wp:featuredmedia":[{"embeddable":true,"href":"https:\/\/www2.comunitaria.com.br\/en\/wp-json\/wp\/v2\/media\/33599"}],"wp:attachment":[{"href":"https:\/\/www2.comunitaria.com.br\/en\/wp-json\/wp\/v2\/media?parent=33598"}],"wp:term":[{"taxonomy":"category","embeddable":true,"href":"https:\/\/www2.comunitaria.com.br\/en\/wp-json\/wp\/v2\/categories?post=33598"},{"taxonomy":"post_tag","embeddable":true,"href":"https:\/\/www2.comunitaria.com.br\/en\/wp-json\/wp\/v2\/tags?post=33598"}],"curies":[{"name":"wp","href":"https:\/\/api.w.org\/{rel}","templated":true}]}}