{"id":33509,"date":"2018-09-11T15:35:54","date_gmt":"2018-09-11T17:35:54","guid":{"rendered":"http:\/\/www2.comunitaria.com.br\/?p=33509"},"modified":"2018-09-11T15:35:54","modified_gmt":"2018-09-11T17:35:54","slug":"defensoria-publica-informa-saiba-mais-sobre-prioridade-de-idosos","status":"publish","type":"post","link":"https:\/\/www2.comunitaria.com.br\/en\/defensoria-publica-informa-saiba-mais-sobre-prioridade-de-idosos\/","title":{"rendered":"Defensoria P\u00fablica Informa: Saiba mais sobre prioridade de idosos"},"content":{"rendered":"<p style=\"text-align: justify;\">A Defensoria P\u00fablica do Estado do Rio Grande do Sul, disponibiliza diariamente informativos que trazem entrevistas, not\u00edcias e orienta\u00e7\u00f5es sobre a atua\u00e7\u00e3o e temas da Defensoria P\u00fablica. Inaugurada em 19 de maio de 2015 e conduzida pela Assessoria de Comunica\u00e7\u00e3o Social, a iniciativa contribui para a divulga\u00e7\u00e3o de informa\u00e7\u00f5es e a amplia\u00e7\u00e3o do conhecimento das pessoas assistidas.&nbsp;&nbsp;<\/p>\n<p>Confira as informa\u00e7\u00f5es desta semana:&nbsp;<\/p>\n<div>\n<p align=\"left\">Prioridade a idosos com mais de 80 anos:&nbsp;<\/p>\n<audio class=\"wp-audio-shortcode\" id=\"audio-33509-1\" preload=\"none\" style=\"width: 100%;\" controls=\"controls\"><source type=\"audio\/mpeg\" src=\"http:\/\/www2.comunitaria.com.br\/wp-content\/uploads\/2018\/09\/DPE-Informa-31.07.2018-Prioridade-a-idosos-com-mais-de-80-anos.mp3?_=1\" \/><a href=\"http:\/\/www2.comunitaria.com.br\/wp-content\/uploads\/2018\/09\/DPE-Informa-31.07.2018-Prioridade-a-idosos-com-mais-de-80-anos.mp3\">http:\/\/www2.comunitaria.com.br\/wp-content\/uploads\/2018\/09\/DPE-Informa-31.07.2018-Prioridade-a-idosos-com-mais-de-80-anos.mp3<\/a><\/audio>\n<p align=\"left\">Atua\u00e7\u00e3o da DPERS na defesa da Crian\u00e7a e do Adolescente:&nbsp;<\/p>\n<audio class=\"wp-audio-shortcode\" id=\"audio-33509-2\" preload=\"none\" style=\"width: 100%;\" controls=\"controls\"><source type=\"audio\/mpeg\" src=\"http:\/\/www2.comunitaria.com.br\/wp-content\/uploads\/2018\/09\/DPE-Informa-01.08.2018-Atua\u00c3\u00a7\u00c3\u00a3o-da-DPERS-na-defesa-da-Crian\u00c3\u00a7a-e-do-Adolescente.mp3?_=2\" \/><a href=\"http:\/\/www2.comunitaria.com.br\/wp-content\/uploads\/2018\/09\/DPE-Informa-01.08.2018-Atua\u00c3\u00a7\u00c3\u00a3o-da-DPERS-na-defesa-da-Crian\u00c3\u00a7a-e-do-Adolescente.mp3\">http:\/\/www2.comunitaria.com.br\/wp-content\/uploads\/2018\/09\/DPE-Informa-01.08.2018-Atua\u00c3\u00a7\u00c3\u00a3o-da-DPERS-na-defesa-da-Crian\u00c3\u00a7a-e-do-Adolescente.mp3<\/a><\/audio>\n<p align=\"left\">Regulariza\u00e7\u00e3o de moradia via Defensoria P\u00fablica:<\/p>\n<audio class=\"wp-audio-shortcode\" id=\"audio-33509-3\" preload=\"none\" style=\"width: 100%;\" controls=\"controls\"><source type=\"audio\/mpeg\" src=\"http:\/\/www2.comunitaria.com.br\/wp-content\/uploads\/2018\/09\/DPE-Informa-02.08.2018-Regulariza\u00c3\u00a7\u00c3\u00a3o-de-moradia-via-Defensoria-P\u00c3\u00bablica.mp3?_=3\" \/><a href=\"http:\/\/www2.comunitaria.com.br\/wp-content\/uploads\/2018\/09\/DPE-Informa-02.08.2018-Regulariza\u00c3\u00a7\u00c3\u00a3o-de-moradia-via-Defensoria-P\u00c3\u00bablica.mp3\">http:\/\/www2.comunitaria.com.br\/wp-content\/uploads\/2018\/09\/DPE-Informa-02.08.2018-Regulariza\u00c3\u00a7\u00c3\u00a3o-de-moradia-via-Defensoria-P\u00c3\u00bablica.mp3<\/a><\/audio>\n<p>Para mais informa\u00e7\u00f5es basta acessar o&nbsp;<a href=\"http:\/\/www.defensoria.rs.def.br\/inicial\" target=\"_blank\" rel=\"noopener noreferrer\">site da Defensoria P\u00fablica.&nbsp;<\/a><\/p>\n<\/div>","protected":false},"excerpt":{"rendered":"<p>A Defensoria P\u00fablica do Estado do Rio Grande do Sul, disponibiliza diariamente informativos que trazem entrevistas, not\u00edcias e orienta\u00e7\u00f5es sobre a atua\u00e7\u00e3o e temas da Defensoria P\u00fablica. Inaugurada em 19&#8230;<\/p>","protected":false},"author":2,"featured_media":33513,"comment_status":"open","ping_status":"closed","sticky":false,"template":"","format":"standard","meta":{"ngg_post_thumbnail":0,"footnotes":""},"categories":[51,46,33],"tags":[4060,4077],"class_list":["post-33509","post","type-post","status-publish","format-standard","has-post-thumbnail","hentry","category-audio","category-estado","category-noticias","tag-defensoria-publica","tag-informativo"],"amp_enabled":true,"_links":{"self":[{"href":"https:\/\/www2.comunitaria.com.br\/en\/wp-json\/wp\/v2\/posts\/33509","targetHints":{"allow":["GET"]}}],"collection":[{"href":"https:\/\/www2.comunitaria.com.br\/en\/wp-json\/wp\/v2\/posts"}],"about":[{"href":"https:\/\/www2.comunitaria.com.br\/en\/wp-json\/wp\/v2\/types\/post"}],"author":[{"embeddable":true,"href":"https:\/\/www2.comunitaria.com.br\/en\/wp-json\/wp\/v2\/users\/2"}],"replies":[{"embeddable":true,"href":"https:\/\/www2.comunitaria.com.br\/en\/wp-json\/wp\/v2\/comments?post=33509"}],"version-history":[{"count":0,"href":"https:\/\/www2.comunitaria.com.br\/en\/wp-json\/wp\/v2\/posts\/33509\/revisions"}],"wp:featuredmedia":[{"embeddable":true,"href":"https:\/\/www2.comunitaria.com.br\/en\/wp-json\/wp\/v2\/media\/33513"}],"wp:attachment":[{"href":"https:\/\/www2.comunitaria.com.br\/en\/wp-json\/wp\/v2\/media?parent=33509"}],"wp:term":[{"taxonomy":"category","embeddable":true,"href":"https:\/\/www2.comunitaria.com.br\/en\/wp-json\/wp\/v2\/categories?post=33509"},{"taxonomy":"post_tag","embeddable":true,"href":"https:\/\/www2.comunitaria.com.br\/en\/wp-json\/wp\/v2\/tags?post=33509"}],"curies":[{"name":"wp","href":"https:\/\/api.w.org\/{rel}","templated":true}]}}