{"id":33381,"date":"2018-09-08T12:27:09","date_gmt":"2018-09-08T14:27:09","guid":{"rendered":"http:\/\/www2.comunitaria.com.br\/?p=33381"},"modified":"2018-09-08T12:53:15","modified_gmt":"2018-09-08T14:53:15","slug":"centenas-de-pessoas-acompanham-festividades-em-alusao-ao-dia-da-independencia","status":"publish","type":"post","link":"https:\/\/www2.comunitaria.com.br\/en\/centenas-de-pessoas-acompanham-festividades-em-alusao-ao-dia-da-independencia\/","title":{"rendered":"Centenas de pessoas acompanham festividades em alus\u00e3o ao Dia da Independ\u00eancia"},"content":{"rendered":"<p style=\"text-align: justify;\"><span style=\"font-weight: 400;\">O feriado de sete de setembro contou um dia totalmente ensolarado para a realiza\u00e7\u00e3o das festividades em alus\u00e3o ao Dia da Independ\u00eancia. Todas as atividades foram organizadas pela Administra\u00e7\u00e3o Municipal, por meio da Secretaria de Educa\u00e7\u00e3o e Cultura e foram realizadas no Largo Vitalino Cerutti. <\/span><\/p>\n<p style=\"text-align: justify;\"><span style=\"font-weight: 400;\">Estiveram presentes na tarde de celebra\u00e7\u00f5es diversas autoridades, como o prefeito frederiquense Jos\u00e9 Alberto Panosso e o vice-prefeito Diogo Duarte. Al\u00e9m dos Secret\u00e1rios Municipais da Administra\u00e7\u00e3o, Luiz Paulo Franken, da Educa\u00e7\u00e3o e Cultura, Carmem Giovenardi, do Esporte, Juventude e Lazer, Giovani Sarturi, da Fazenda, Simone Duarti, o representante do Poder Legislativo, o vereador L\u00eddio Signori, a subcomandante do 37\u00ba Batalh\u00e3o de Pol\u00edcia Militar (BPM), a capit\u00e3 Nedia Giacomini, e demais representantes da sociedade civil tamb\u00e9m compareceram ao local.<\/span><\/p>\n<p style=\"text-align: justify;\"><span style=\"font-weight: 400;\">Centenas de pessoas puderam acompanhar o grande encontro de Bandas Marciais, em que se apresentaram: os escoteiros desbravadores Castelo Forte, e as Bandas Marciais das escolas Sep\u00e9 Tiaraj\u00fa, Afonso Pena, Irm\u00e3 Odila Lehnen, Duque de Caxias, al\u00e9m de representantes das categorias mirim e juvenil na Escola Cardeal Roncalli \u2013 que por sua vez, venceu o <\/span><span style=\"font-weight: 400;\">4\u00ba Concurso de Bandas e Fanfarras, no munic\u00edpio de Os\u00f3rio. Todas realizaram grandes apresenta\u00e7\u00f5es e o encontro de Bandas Marciais foi encerrado com a apresenta\u00e7\u00e3o do grupo Wilband, de Uruguai.<\/span><\/p>\n<p style=\"text-align: justify;\"><span style=\"font-weight: 400;\">O prefeito Jos\u00e9 Alberto Panosso, ressaltou que este \u00e9 um momento de demonstrar a import\u00e2ncia do civismo e tamb\u00e9m, dos integrantes das Bandas Marciais apresentarem o seu trabalho. \u201cFoi um grande dia para Frederico Westphalen! A Administra\u00e7\u00e3o Municipal incentiva muito a participa\u00e7\u00e3o das crian\u00e7as nas bandas marciais e hoje, foi dia muito especial para que todos pudesse mostrar o seu potencial neste dia sete de setembro\u201d, frisou.<\/span><\/p>\n<p><a href=\"http:\/\/www2.comunitaria.com.br\/en\/centenas-de-pessoas-acompanham-festividades-em-alusao-ao-dia-da-independencia\/dsc_0102-22\/\" rel=\"attachment wp-att-33452\"><img loading=\"lazy\" decoding=\"async\" class=\"alignright size-full wp-image-33452\" src=\"http:\/\/www2.comunitaria.com.br\/wp-content\/uploads\/2018\/09\/DSC_0102.jpg\" alt=\"\" width=\"1680\" height=\"1121\" srcset=\"https:\/\/www2.comunitaria.com.br\/wp-content\/uploads\/2018\/09\/DSC_0102.jpg 1680w, https:\/\/www2.comunitaria.com.br\/wp-content\/uploads\/2018\/09\/DSC_0102-300x200.jpg 300w, https:\/\/www2.comunitaria.com.br\/wp-content\/uploads\/2018\/09\/DSC_0102-768x512.jpg 768w, https:\/\/www2.comunitaria.com.br\/wp-content\/uploads\/2018\/09\/DSC_0102-1024x683.jpg 1024w\" sizes=\"auto, (max-width: 1680px) 100vw, 1680px\" \/><\/a> <a href=\"http:\/\/www2.comunitaria.com.br\/en\/centenas-de-pessoas-acompanham-festividades-em-alusao-ao-dia-da-independencia\/dsc_9610\/\" rel=\"attachment wp-att-33453\"><img loading=\"lazy\" decoding=\"async\" class=\"alignright size-full wp-image-33453\" src=\"http:\/\/www2.comunitaria.com.br\/wp-content\/uploads\/2018\/09\/DSC_9610.jpg\" alt=\"\" width=\"1680\" height=\"1121\" srcset=\"https:\/\/www2.comunitaria.com.br\/wp-content\/uploads\/2018\/09\/DSC_9610.jpg 1680w, https:\/\/www2.comunitaria.com.br\/wp-content\/uploads\/2018\/09\/DSC_9610-300x200.jpg 300w, https:\/\/www2.comunitaria.com.br\/wp-content\/uploads\/2018\/09\/DSC_9610-768x512.jpg 768w, https:\/\/www2.comunitaria.com.br\/wp-content\/uploads\/2018\/09\/DSC_9610-1024x683.jpg 1024w\" sizes=\"auto, (max-width: 1680px) 100vw, 1680px\" \/><\/a> <a href=\"http:\/\/www2.comunitaria.com.br\/en\/centenas-de-pessoas-acompanham-festividades-em-alusao-ao-dia-da-independencia\/dsc_9617\/\" rel=\"attachment wp-att-33454\"><img loading=\"lazy\" decoding=\"async\" class=\"alignright size-full wp-image-33454\" src=\"http:\/\/www2.comunitaria.com.br\/wp-content\/uploads\/2018\/09\/DSC_9617.jpg\" alt=\"\" width=\"1680\" height=\"1121\" srcset=\"https:\/\/www2.comunitaria.com.br\/wp-content\/uploads\/2018\/09\/DSC_9617.jpg 1680w, https:\/\/www2.comunitaria.com.br\/wp-content\/uploads\/2018\/09\/DSC_9617-300x200.jpg 300w, https:\/\/www2.comunitaria.com.br\/wp-content\/uploads\/2018\/09\/DSC_9617-768x512.jpg 768w, https:\/\/www2.comunitaria.com.br\/wp-content\/uploads\/2018\/09\/DSC_9617-1024x683.jpg 1024w\" sizes=\"auto, (max-width: 1680px) 100vw, 1680px\" \/><\/a> <a href=\"http:\/\/www2.comunitaria.com.br\/en\/centenas-de-pessoas-acompanham-festividades-em-alusao-ao-dia-da-independencia\/dsc_9627\/\" rel=\"attachment wp-att-33455\"><img loading=\"lazy\" decoding=\"async\" class=\"alignright size-full wp-image-33455\" src=\"http:\/\/www2.comunitaria.com.br\/wp-content\/uploads\/2018\/09\/DSC_9627.jpg\" alt=\"\" width=\"1680\" height=\"1121\" srcset=\"https:\/\/www2.comunitaria.com.br\/wp-content\/uploads\/2018\/09\/DSC_9627.jpg 1680w, https:\/\/www2.comunitaria.com.br\/wp-content\/uploads\/2018\/09\/DSC_9627-300x200.jpg 300w, https:\/\/www2.comunitaria.com.br\/wp-content\/uploads\/2018\/09\/DSC_9627-768x512.jpg 768w, https:\/\/www2.comunitaria.com.br\/wp-content\/uploads\/2018\/09\/DSC_9627-1024x683.jpg 1024w\" sizes=\"auto, (max-width: 1680px) 100vw, 1680px\" \/><\/a> <a href=\"http:\/\/www2.comunitaria.com.br\/en\/centenas-de-pessoas-acompanham-festividades-em-alusao-ao-dia-da-independencia\/dsc_9709\/\" rel=\"attachment wp-att-33456\"><img loading=\"lazy\" decoding=\"async\" class=\"alignright size-full wp-image-33456\" src=\"http:\/\/www2.comunitaria.com.br\/wp-content\/uploads\/2018\/09\/DSC_9709.jpg\" alt=\"\" width=\"1680\" height=\"1121\" srcset=\"https:\/\/www2.comunitaria.com.br\/wp-content\/uploads\/2018\/09\/DSC_9709.jpg 1680w, https:\/\/www2.comunitaria.com.br\/wp-content\/uploads\/2018\/09\/DSC_9709-300x200.jpg 300w, https:\/\/www2.comunitaria.com.br\/wp-content\/uploads\/2018\/09\/DSC_9709-768x512.jpg 768w, https:\/\/www2.comunitaria.com.br\/wp-content\/uploads\/2018\/09\/DSC_9709-1024x683.jpg 1024w\" sizes=\"auto, (max-width: 1680px) 100vw, 1680px\" \/><\/a> <a href=\"http:\/\/www2.comunitaria.com.br\/en\/centenas-de-pessoas-acompanham-festividades-em-alusao-ao-dia-da-independencia\/dsc_9713\/\" rel=\"attachment wp-att-33457\"><img loading=\"lazy\" decoding=\"async\" class=\"alignright size-full wp-image-33457\" src=\"http:\/\/www2.comunitaria.com.br\/wp-content\/uploads\/2018\/09\/DSC_9713.jpg\" alt=\"\" width=\"1680\" height=\"1121\" srcset=\"https:\/\/www2.comunitaria.com.br\/wp-content\/uploads\/2018\/09\/DSC_9713.jpg 1680w, https:\/\/www2.comunitaria.com.br\/wp-content\/uploads\/2018\/09\/DSC_9713-300x200.jpg 300w, https:\/\/www2.comunitaria.com.br\/wp-content\/uploads\/2018\/09\/DSC_9713-768x512.jpg 768w, https:\/\/www2.comunitaria.com.br\/wp-content\/uploads\/2018\/09\/DSC_9713-1024x683.jpg 1024w\" sizes=\"auto, (max-width: 1680px) 100vw, 1680px\" \/><\/a> <a href=\"http:\/\/www2.comunitaria.com.br\/en\/centenas-de-pessoas-acompanham-festividades-em-alusao-ao-dia-da-independencia\/dsc_9722\/\" rel=\"attachment wp-att-33458\"><img loading=\"lazy\" decoding=\"async\" class=\"alignright size-full wp-image-33458\" src=\"http:\/\/www2.comunitaria.com.br\/wp-content\/uploads\/2018\/09\/DSC_9722.jpg\" alt=\"\" width=\"1680\" height=\"1121\" srcset=\"https:\/\/www2.comunitaria.com.br\/wp-content\/uploads\/2018\/09\/DSC_9722.jpg 1680w, https:\/\/www2.comunitaria.com.br\/wp-content\/uploads\/2018\/09\/DSC_9722-300x200.jpg 300w, https:\/\/www2.comunitaria.com.br\/wp-content\/uploads\/2018\/09\/DSC_9722-768x512.jpg 768w, https:\/\/www2.comunitaria.com.br\/wp-content\/uploads\/2018\/09\/DSC_9722-1024x683.jpg 1024w\" sizes=\"auto, (max-width: 1680px) 100vw, 1680px\" \/><\/a> <a href=\"http:\/\/www2.comunitaria.com.br\/en\/centenas-de-pessoas-acompanham-festividades-em-alusao-ao-dia-da-independencia\/dsc_9772\/\" rel=\"attachment wp-att-33459\"><img loading=\"lazy\" decoding=\"async\" class=\"alignright size-full wp-image-33459\" src=\"http:\/\/www2.comunitaria.com.br\/wp-content\/uploads\/2018\/09\/DSC_9772.jpg\" alt=\"\" width=\"1680\" height=\"1121\" srcset=\"https:\/\/www2.comunitaria.com.br\/wp-content\/uploads\/2018\/09\/DSC_9772.jpg 1680w, https:\/\/www2.comunitaria.com.br\/wp-content\/uploads\/2018\/09\/DSC_9772-300x200.jpg 300w, https:\/\/www2.comunitaria.com.br\/wp-content\/uploads\/2018\/09\/DSC_9772-768x512.jpg 768w, https:\/\/www2.comunitaria.com.br\/wp-content\/uploads\/2018\/09\/DSC_9772-1024x683.jpg 1024w\" sizes=\"auto, (max-width: 1680px) 100vw, 1680px\" \/><\/a> <a href=\"http:\/\/www2.comunitaria.com.br\/en\/centenas-de-pessoas-acompanham-festividades-em-alusao-ao-dia-da-independencia\/dsc_9773\/\" rel=\"attachment wp-att-33460\"><img loading=\"lazy\" decoding=\"async\" class=\"alignright size-full wp-image-33460\" src=\"http:\/\/www2.comunitaria.com.br\/wp-content\/uploads\/2018\/09\/DSC_9773.jpg\" alt=\"\" width=\"1680\" height=\"1121\" srcset=\"https:\/\/www2.comunitaria.com.br\/wp-content\/uploads\/2018\/09\/DSC_9773.jpg 1680w, https:\/\/www2.comunitaria.com.br\/wp-content\/uploads\/2018\/09\/DSC_9773-300x200.jpg 300w, https:\/\/www2.comunitaria.com.br\/wp-content\/uploads\/2018\/09\/DSC_9773-768x512.jpg 768w, https:\/\/www2.comunitaria.com.br\/wp-content\/uploads\/2018\/09\/DSC_9773-1024x683.jpg 1024w\" sizes=\"auto, (max-width: 1680px) 100vw, 1680px\" \/><\/a> <a href=\"http:\/\/www2.comunitaria.com.br\/en\/centenas-de-pessoas-acompanham-festividades-em-alusao-ao-dia-da-independencia\/dsc_1822\/\" rel=\"attachment wp-att-33461\"><img loading=\"lazy\" decoding=\"async\" class=\"alignright size-full wp-image-33461\" src=\"http:\/\/www2.comunitaria.com.br\/wp-content\/uploads\/2018\/09\/DSC_1822.jpg\" alt=\"\" width=\"1680\" height=\"1121\" srcset=\"https:\/\/www2.comunitaria.com.br\/wp-content\/uploads\/2018\/09\/DSC_1822.jpg 1680w, https:\/\/www2.comunitaria.com.br\/wp-content\/uploads\/2018\/09\/DSC_1822-300x200.jpg 300w, https:\/\/www2.comunitaria.com.br\/wp-content\/uploads\/2018\/09\/DSC_1822-768x512.jpg 768w, https:\/\/www2.comunitaria.com.br\/wp-content\/uploads\/2018\/09\/DSC_1822-1024x683.jpg 1024w\" sizes=\"auto, (max-width: 1680px) 100vw, 1680px\" \/><\/a> <a href=\"http:\/\/www2.comunitaria.com.br\/en\/centenas-de-pessoas-acompanham-festividades-em-alusao-ao-dia-da-independencia\/dsc_1831\/\" rel=\"attachment wp-att-33462\"><img loading=\"lazy\" decoding=\"async\" class=\"alignright size-full wp-image-33462\" src=\"http:\/\/www2.comunitaria.com.br\/wp-content\/uploads\/2018\/09\/DSC_1831.jpg\" alt=\"\" width=\"1680\" height=\"1121\" srcset=\"https:\/\/www2.comunitaria.com.br\/wp-content\/uploads\/2018\/09\/DSC_1831.jpg 1680w, https:\/\/www2.comunitaria.com.br\/wp-content\/uploads\/2018\/09\/DSC_1831-300x200.jpg 300w, https:\/\/www2.comunitaria.com.br\/wp-content\/uploads\/2018\/09\/DSC_1831-768x512.jpg 768w, https:\/\/www2.comunitaria.com.br\/wp-content\/uploads\/2018\/09\/DSC_1831-1024x683.jpg 1024w\" sizes=\"auto, (max-width: 1680px) 100vw, 1680px\" \/><\/a> <a href=\"http:\/\/www2.comunitaria.com.br\/en\/centenas-de-pessoas-acompanham-festividades-em-alusao-ao-dia-da-independencia\/dsc_9887\/\" rel=\"attachment wp-att-33463\"><img loading=\"lazy\" decoding=\"async\" class=\"alignright size-full wp-image-33463\" src=\"http:\/\/www2.comunitaria.com.br\/wp-content\/uploads\/2018\/09\/DSC_9887.jpg\" alt=\"\" width=\"1680\" height=\"1121\" srcset=\"https:\/\/www2.comunitaria.com.br\/wp-content\/uploads\/2018\/09\/DSC_9887.jpg 1680w, https:\/\/www2.comunitaria.com.br\/wp-content\/uploads\/2018\/09\/DSC_9887-300x200.jpg 300w, https:\/\/www2.comunitaria.com.br\/wp-content\/uploads\/2018\/09\/DSC_9887-768x512.jpg 768w, https:\/\/www2.comunitaria.com.br\/wp-content\/uploads\/2018\/09\/DSC_9887-1024x683.jpg 1024w\" sizes=\"auto, (max-width: 1680px) 100vw, 1680px\" \/><\/a> <a href=\"http:\/\/www2.comunitaria.com.br\/en\/centenas-de-pessoas-acompanham-festividades-em-alusao-ao-dia-da-independencia\/dsc_9918\/\" rel=\"attachment wp-att-33464\"><img loading=\"lazy\" decoding=\"async\" class=\"alignright size-full wp-image-33464\" src=\"http:\/\/www2.comunitaria.com.br\/wp-content\/uploads\/2018\/09\/DSC_9918.jpg\" alt=\"\" width=\"1680\" height=\"1121\" srcset=\"https:\/\/www2.comunitaria.com.br\/wp-content\/uploads\/2018\/09\/DSC_9918.jpg 1680w, https:\/\/www2.comunitaria.com.br\/wp-content\/uploads\/2018\/09\/DSC_9918-300x200.jpg 300w, https:\/\/www2.comunitaria.com.br\/wp-content\/uploads\/2018\/09\/DSC_9918-768x512.jpg 768w, https:\/\/www2.comunitaria.com.br\/wp-content\/uploads\/2018\/09\/DSC_9918-1024x683.jpg 1024w\" sizes=\"auto, (max-width: 1680px) 100vw, 1680px\" \/><\/a> <a href=\"http:\/\/www2.comunitaria.com.br\/en\/centenas-de-pessoas-acompanham-festividades-em-alusao-ao-dia-da-independencia\/dsc_9922\/\" rel=\"attachment wp-att-33465\"><img loading=\"lazy\" decoding=\"async\" class=\"alignright size-full wp-image-33465\" src=\"http:\/\/www2.comunitaria.com.br\/wp-content\/uploads\/2018\/09\/DSC_9922.jpg\" alt=\"\" width=\"1680\" height=\"1121\" srcset=\"https:\/\/www2.comunitaria.com.br\/wp-content\/uploads\/2018\/09\/DSC_9922.jpg 1680w, https:\/\/www2.comunitaria.com.br\/wp-content\/uploads\/2018\/09\/DSC_9922-300x200.jpg 300w, https:\/\/www2.comunitaria.com.br\/wp-content\/uploads\/2018\/09\/DSC_9922-768x512.jpg 768w, https:\/\/www2.comunitaria.com.br\/wp-content\/uploads\/2018\/09\/DSC_9922-1024x683.jpg 1024w\" sizes=\"auto, (max-width: 1680px) 100vw, 1680px\" \/><\/a> <a href=\"http:\/\/www2.comunitaria.com.br\/en\/centenas-de-pessoas-acompanham-festividades-em-alusao-ao-dia-da-independencia\/dsc_1875-2\/\" rel=\"attachment wp-att-33466\"><img loading=\"lazy\" decoding=\"async\" class=\"alignright size-full wp-image-33466\" src=\"http:\/\/www2.comunitaria.com.br\/wp-content\/uploads\/2018\/09\/DSC_1875-1.jpg\" alt=\"\" width=\"1680\" height=\"1121\" srcset=\"https:\/\/www2.comunitaria.com.br\/wp-content\/uploads\/2018\/09\/DSC_1875-1.jpg 1680w, https:\/\/www2.comunitaria.com.br\/wp-content\/uploads\/2018\/09\/DSC_1875-1-300x200.jpg 300w, https:\/\/www2.comunitaria.com.br\/wp-content\/uploads\/2018\/09\/DSC_1875-1-768x512.jpg 768w, https:\/\/www2.comunitaria.com.br\/wp-content\/uploads\/2018\/09\/DSC_1875-1-1024x683.jpg 1024w\" sizes=\"auto, (max-width: 1680px) 100vw, 1680px\" \/><\/a> <a href=\"http:\/\/www2.comunitaria.com.br\/en\/centenas-de-pessoas-acompanham-festividades-em-alusao-ao-dia-da-independencia\/dsc_1919\/\" rel=\"attachment wp-att-33467\"><img loading=\"lazy\" decoding=\"async\" class=\"alignright size-full wp-image-33467\" src=\"http:\/\/www2.comunitaria.com.br\/wp-content\/uploads\/2018\/09\/DSC_1919.jpg\" alt=\"\" width=\"1680\" height=\"1121\" srcset=\"https:\/\/www2.comunitaria.com.br\/wp-content\/uploads\/2018\/09\/DSC_1919.jpg 1680w, https:\/\/www2.comunitaria.com.br\/wp-content\/uploads\/2018\/09\/DSC_1919-300x200.jpg 300w, https:\/\/www2.comunitaria.com.br\/wp-content\/uploads\/2018\/09\/DSC_1919-768x512.jpg 768w, https:\/\/www2.comunitaria.com.br\/wp-content\/uploads\/2018\/09\/DSC_1919-1024x683.jpg 1024w\" sizes=\"auto, (max-width: 1680px) 100vw, 1680px\" \/><\/a> <a href=\"http:\/\/www2.comunitaria.com.br\/en\/centenas-de-pessoas-acompanham-festividades-em-alusao-ao-dia-da-independencia\/dsc_1936\/\" rel=\"attachment wp-att-33468\"><img loading=\"lazy\" decoding=\"async\" class=\"alignright size-full wp-image-33468\" src=\"http:\/\/www2.comunitaria.com.br\/wp-content\/uploads\/2018\/09\/DSC_1936.jpg\" alt=\"\" width=\"1680\" height=\"1121\" srcset=\"https:\/\/www2.comunitaria.com.br\/wp-content\/uploads\/2018\/09\/DSC_1936.jpg 1680w, https:\/\/www2.comunitaria.com.br\/wp-content\/uploads\/2018\/09\/DSC_1936-300x200.jpg 300w, https:\/\/www2.comunitaria.com.br\/wp-content\/uploads\/2018\/09\/DSC_1936-768x512.jpg 768w, https:\/\/www2.comunitaria.com.br\/wp-content\/uploads\/2018\/09\/DSC_1936-1024x683.jpg 1024w\" sizes=\"auto, (max-width: 1680px) 100vw, 1680px\" \/><\/a> <a href=\"http:\/\/www2.comunitaria.com.br\/en\/centenas-de-pessoas-acompanham-festividades-em-alusao-ao-dia-da-independencia\/dsc_1955\/\" rel=\"attachment wp-att-33469\"><img loading=\"lazy\" decoding=\"async\" class=\"alignright size-full wp-image-33469\" src=\"http:\/\/www2.comunitaria.com.br\/wp-content\/uploads\/2018\/09\/DSC_1955.jpg\" alt=\"\" width=\"1680\" height=\"1121\" srcset=\"https:\/\/www2.comunitaria.com.br\/wp-content\/uploads\/2018\/09\/DSC_1955.jpg 1680w, https:\/\/www2.comunitaria.com.br\/wp-content\/uploads\/2018\/09\/DSC_1955-300x200.jpg 300w, https:\/\/www2.comunitaria.com.br\/wp-content\/uploads\/2018\/09\/DSC_1955-768x512.jpg 768w, https:\/\/www2.comunitaria.com.br\/wp-content\/uploads\/2018\/09\/DSC_1955-1024x683.jpg 1024w\" sizes=\"auto, (max-width: 1680px) 100vw, 1680px\" \/><\/a> <a href=\"http:\/\/www2.comunitaria.com.br\/en\/centenas-de-pessoas-acompanham-festividades-em-alusao-ao-dia-da-independencia\/dsc_1973\/\" rel=\"attachment wp-att-33470\"><img loading=\"lazy\" decoding=\"async\" class=\"alignright size-full wp-image-33470\" src=\"http:\/\/www2.comunitaria.com.br\/wp-content\/uploads\/2018\/09\/DSC_1973.jpg\" alt=\"\" width=\"1680\" height=\"1121\" srcset=\"https:\/\/www2.comunitaria.com.br\/wp-content\/uploads\/2018\/09\/DSC_1973.jpg 1680w, https:\/\/www2.comunitaria.com.br\/wp-content\/uploads\/2018\/09\/DSC_1973-300x200.jpg 300w, https:\/\/www2.comunitaria.com.br\/wp-content\/uploads\/2018\/09\/DSC_1973-768x512.jpg 768w, https:\/\/www2.comunitaria.com.br\/wp-content\/uploads\/2018\/09\/DSC_1973-1024x683.jpg 1024w\" sizes=\"auto, (max-width: 1680px) 100vw, 1680px\" \/><\/a> <a href=\"http:\/\/www2.comunitaria.com.br\/en\/centenas-de-pessoas-acompanham-festividades-em-alusao-ao-dia-da-independencia\/dsc_1982\/\" rel=\"attachment wp-att-33471\"><img loading=\"lazy\" decoding=\"async\" class=\"alignright size-full wp-image-33471\" src=\"http:\/\/www2.comunitaria.com.br\/wp-content\/uploads\/2018\/09\/DSC_1982.jpg\" alt=\"\" width=\"1680\" height=\"1121\" srcset=\"https:\/\/www2.comunitaria.com.br\/wp-content\/uploads\/2018\/09\/DSC_1982.jpg 1680w, https:\/\/www2.comunitaria.com.br\/wp-content\/uploads\/2018\/09\/DSC_1982-300x200.jpg 300w, https:\/\/www2.comunitaria.com.br\/wp-content\/uploads\/2018\/09\/DSC_1982-768x512.jpg 768w, https:\/\/www2.comunitaria.com.br\/wp-content\/uploads\/2018\/09\/DSC_1982-1024x683.jpg 1024w\" sizes=\"auto, (max-width: 1680px) 100vw, 1680px\" \/><\/a> <a href=\"http:\/\/www2.comunitaria.com.br\/en\/centenas-de-pessoas-acompanham-festividades-em-alusao-ao-dia-da-independencia\/dsc_1993-2\/\" rel=\"attachment wp-att-33472\"><img loading=\"lazy\" decoding=\"async\" class=\"alignright size-full wp-image-33472\" src=\"http:\/\/www2.comunitaria.com.br\/wp-content\/uploads\/2018\/09\/DSC_1993.jpg\" alt=\"\" width=\"1680\" height=\"1121\" srcset=\"https:\/\/www2.comunitaria.com.br\/wp-content\/uploads\/2018\/09\/DSC_1993.jpg 1680w, https:\/\/www2.comunitaria.com.br\/wp-content\/uploads\/2018\/09\/DSC_1993-300x200.jpg 300w, https:\/\/www2.comunitaria.com.br\/wp-content\/uploads\/2018\/09\/DSC_1993-768x512.jpg 768w, https:\/\/www2.comunitaria.com.br\/wp-content\/uploads\/2018\/09\/DSC_1993-1024x683.jpg 1024w\" sizes=\"auto, (max-width: 1680px) 100vw, 1680px\" \/><\/a> <a href=\"http:\/\/www2.comunitaria.com.br\/en\/centenas-de-pessoas-acompanham-festividades-em-alusao-ao-dia-da-independencia\/dsc_2028\/\" rel=\"attachment wp-att-33473\"><img loading=\"lazy\" decoding=\"async\" class=\"alignright size-full wp-image-33473\" src=\"http:\/\/www2.comunitaria.com.br\/wp-content\/uploads\/2018\/09\/DSC_2028.jpg\" alt=\"\" width=\"1680\" height=\"1121\" srcset=\"https:\/\/www2.comunitaria.com.br\/wp-content\/uploads\/2018\/09\/DSC_2028.jpg 1680w, https:\/\/www2.comunitaria.com.br\/wp-content\/uploads\/2018\/09\/DSC_2028-300x200.jpg 300w, https:\/\/www2.comunitaria.com.br\/wp-content\/uploads\/2018\/09\/DSC_2028-768x512.jpg 768w, https:\/\/www2.comunitaria.com.br\/wp-content\/uploads\/2018\/09\/DSC_2028-1024x683.jpg 1024w\" sizes=\"auto, (max-width: 1680px) 100vw, 1680px\" \/><\/a> <a href=\"http:\/\/www2.comunitaria.com.br\/en\/centenas-de-pessoas-acompanham-festividades-em-alusao-ao-dia-da-independencia\/dsc_2055\/\" rel=\"attachment wp-att-33474\"><img loading=\"lazy\" decoding=\"async\" class=\"alignright size-full wp-image-33474\" src=\"http:\/\/www2.comunitaria.com.br\/wp-content\/uploads\/2018\/09\/DSC_2055.jpg\" alt=\"\" width=\"1680\" height=\"1121\" srcset=\"https:\/\/www2.comunitaria.com.br\/wp-content\/uploads\/2018\/09\/DSC_2055.jpg 1680w, https:\/\/www2.comunitaria.com.br\/wp-content\/uploads\/2018\/09\/DSC_2055-300x200.jpg 300w, https:\/\/www2.comunitaria.com.br\/wp-content\/uploads\/2018\/09\/DSC_2055-768x512.jpg 768w, https:\/\/www2.comunitaria.com.br\/wp-content\/uploads\/2018\/09\/DSC_2055-1024x683.jpg 1024w\" sizes=\"auto, (max-width: 1680px) 100vw, 1680px\" \/><\/a> <a href=\"http:\/\/www2.comunitaria.com.br\/en\/centenas-de-pessoas-acompanham-festividades-em-alusao-ao-dia-da-independencia\/dsc_2064\/\" rel=\"attachment wp-att-33475\"><img loading=\"lazy\" decoding=\"async\" class=\"alignright size-full wp-image-33475\" src=\"http:\/\/www2.comunitaria.com.br\/wp-content\/uploads\/2018\/09\/DSC_2064.jpg\" alt=\"\" width=\"1680\" height=\"1121\" srcset=\"https:\/\/www2.comunitaria.com.br\/wp-content\/uploads\/2018\/09\/DSC_2064.jpg 1680w, https:\/\/www2.comunitaria.com.br\/wp-content\/uploads\/2018\/09\/DSC_2064-300x200.jpg 300w, https:\/\/www2.comunitaria.com.br\/wp-content\/uploads\/2018\/09\/DSC_2064-768x512.jpg 768w, https:\/\/www2.comunitaria.com.br\/wp-content\/uploads\/2018\/09\/DSC_2064-1024x683.jpg 1024w\" sizes=\"auto, (max-width: 1680px) 100vw, 1680px\" \/><\/a> <a href=\"http:\/\/www2.comunitaria.com.br\/en\/centenas-de-pessoas-acompanham-festividades-em-alusao-ao-dia-da-independencia\/dsc_2068\/\" rel=\"attachment wp-att-33476\"><img loading=\"lazy\" decoding=\"async\" class=\"alignright size-full wp-image-33476\" src=\"http:\/\/www2.comunitaria.com.br\/wp-content\/uploads\/2018\/09\/DSC_2068.jpg\" alt=\"\" width=\"1680\" height=\"1121\" srcset=\"https:\/\/www2.comunitaria.com.br\/wp-content\/uploads\/2018\/09\/DSC_2068.jpg 1680w, https:\/\/www2.comunitaria.com.br\/wp-content\/uploads\/2018\/09\/DSC_2068-300x200.jpg 300w, https:\/\/www2.comunitaria.com.br\/wp-content\/uploads\/2018\/09\/DSC_2068-768x512.jpg 768w, https:\/\/www2.comunitaria.com.br\/wp-content\/uploads\/2018\/09\/DSC_2068-1024x683.jpg 1024w\" sizes=\"auto, (max-width: 1680px) 100vw, 1680px\" \/><\/a> <a href=\"http:\/\/www2.comunitaria.com.br\/en\/centenas-de-pessoas-acompanham-festividades-em-alusao-ao-dia-da-independencia\/dsc_2074\/\" rel=\"attachment wp-att-33477\"><img loading=\"lazy\" decoding=\"async\" class=\"alignright size-full wp-image-33477\" src=\"http:\/\/www2.comunitaria.com.br\/wp-content\/uploads\/2018\/09\/DSC_2074.jpg\" alt=\"\" width=\"1680\" height=\"1121\" srcset=\"https:\/\/www2.comunitaria.com.br\/wp-content\/uploads\/2018\/09\/DSC_2074.jpg 1680w, https:\/\/www2.comunitaria.com.br\/wp-content\/uploads\/2018\/09\/DSC_2074-300x200.jpg 300w, https:\/\/www2.comunitaria.com.br\/wp-content\/uploads\/2018\/09\/DSC_2074-768x512.jpg 768w, https:\/\/www2.comunitaria.com.br\/wp-content\/uploads\/2018\/09\/DSC_2074-1024x683.jpg 1024w\" sizes=\"auto, (max-width: 1680px) 100vw, 1680px\" \/><\/a> <a href=\"http:\/\/www2.comunitaria.com.br\/en\/centenas-de-pessoas-acompanham-festividades-em-alusao-ao-dia-da-independencia\/dsc_2121\/\" rel=\"attachment wp-att-33478\"><img loading=\"lazy\" decoding=\"async\" class=\"alignright size-full wp-image-33478\" src=\"http:\/\/www2.comunitaria.com.br\/wp-content\/uploads\/2018\/09\/DSC_2121.jpg\" alt=\"\" width=\"1680\" height=\"1121\" srcset=\"https:\/\/www2.comunitaria.com.br\/wp-content\/uploads\/2018\/09\/DSC_2121.jpg 1680w, https:\/\/www2.comunitaria.com.br\/wp-content\/uploads\/2018\/09\/DSC_2121-300x200.jpg 300w, https:\/\/www2.comunitaria.com.br\/wp-content\/uploads\/2018\/09\/DSC_2121-768x512.jpg 768w, https:\/\/www2.comunitaria.com.br\/wp-content\/uploads\/2018\/09\/DSC_2121-1024x683.jpg 1024w\" sizes=\"auto, (max-width: 1680px) 100vw, 1680px\" \/><\/a> <a href=\"http:\/\/www2.comunitaria.com.br\/en\/centenas-de-pessoas-acompanham-festividades-em-alusao-ao-dia-da-independencia\/dsc_2124\/\" rel=\"attachment wp-att-33479\"><img loading=\"lazy\" decoding=\"async\" class=\"alignright size-full wp-image-33479\" src=\"http:\/\/www2.comunitaria.com.br\/wp-content\/uploads\/2018\/09\/DSC_2124.jpg\" alt=\"\" width=\"1680\" height=\"1121\" srcset=\"https:\/\/www2.comunitaria.com.br\/wp-content\/uploads\/2018\/09\/DSC_2124.jpg 1680w, https:\/\/www2.comunitaria.com.br\/wp-content\/uploads\/2018\/09\/DSC_2124-300x200.jpg 300w, https:\/\/www2.comunitaria.com.br\/wp-content\/uploads\/2018\/09\/DSC_2124-768x512.jpg 768w, https:\/\/www2.comunitaria.com.br\/wp-content\/uploads\/2018\/09\/DSC_2124-1024x683.jpg 1024w\" sizes=\"auto, (max-width: 1680px) 100vw, 1680px\" \/><\/a> <a href=\"http:\/\/www2.comunitaria.com.br\/en\/centenas-de-pessoas-acompanham-festividades-em-alusao-ao-dia-da-independencia\/dsc_2139\/\" rel=\"attachment wp-att-33480\"><img loading=\"lazy\" decoding=\"async\" class=\"alignright size-full wp-image-33480\" src=\"http:\/\/www2.comunitaria.com.br\/wp-content\/uploads\/2018\/09\/DSC_2139.jpg\" alt=\"\" width=\"1680\" height=\"1121\" srcset=\"https:\/\/www2.comunitaria.com.br\/wp-content\/uploads\/2018\/09\/DSC_2139.jpg 1680w, https:\/\/www2.comunitaria.com.br\/wp-content\/uploads\/2018\/09\/DSC_2139-300x200.jpg 300w, https:\/\/www2.comunitaria.com.br\/wp-content\/uploads\/2018\/09\/DSC_2139-768x512.jpg 768w, https:\/\/www2.comunitaria.com.br\/wp-content\/uploads\/2018\/09\/DSC_2139-1024x683.jpg 1024w\" sizes=\"auto, (max-width: 1680px) 100vw, 1680px\" \/><\/a> <a href=\"http:\/\/www2.comunitaria.com.br\/en\/centenas-de-pessoas-acompanham-festividades-em-alusao-ao-dia-da-independencia\/dsc_2225\/\" rel=\"attachment wp-att-33481\"><img loading=\"lazy\" decoding=\"async\" class=\"alignright size-full wp-image-33481\" src=\"http:\/\/www2.comunitaria.com.br\/wp-content\/uploads\/2018\/09\/DSC_2225.jpg\" alt=\"\" width=\"1680\" height=\"1121\" srcset=\"https:\/\/www2.comunitaria.com.br\/wp-content\/uploads\/2018\/09\/DSC_2225.jpg 1680w, https:\/\/www2.comunitaria.com.br\/wp-content\/uploads\/2018\/09\/DSC_2225-300x200.jpg 300w, https:\/\/www2.comunitaria.com.br\/wp-content\/uploads\/2018\/09\/DSC_2225-768x512.jpg 768w, https:\/\/www2.comunitaria.com.br\/wp-content\/uploads\/2018\/09\/DSC_2225-1024x683.jpg 1024w\" sizes=\"auto, (max-width: 1680px) 100vw, 1680px\" \/><\/a> <a href=\"http:\/\/www2.comunitaria.com.br\/en\/centenas-de-pessoas-acompanham-festividades-em-alusao-ao-dia-da-independencia\/dsc_2322\/\" rel=\"attachment wp-att-33482\"><img loading=\"lazy\" decoding=\"async\" class=\"alignright size-full wp-image-33482\" src=\"http:\/\/www2.comunitaria.com.br\/wp-content\/uploads\/2018\/09\/DSC_2322.jpg\" alt=\"\" width=\"1680\" height=\"1121\" srcset=\"https:\/\/www2.comunitaria.com.br\/wp-content\/uploads\/2018\/09\/DSC_2322.jpg 1680w, https:\/\/www2.comunitaria.com.br\/wp-content\/uploads\/2018\/09\/DSC_2322-300x200.jpg 300w, https:\/\/www2.comunitaria.com.br\/wp-content\/uploads\/2018\/09\/DSC_2322-768x512.jpg 768w, https:\/\/www2.comunitaria.com.br\/wp-content\/uploads\/2018\/09\/DSC_2322-1024x683.jpg 1024w\" sizes=\"auto, (max-width: 1680px) 100vw, 1680px\" \/><\/a> <a href=\"http:\/\/www2.comunitaria.com.br\/en\/centenas-de-pessoas-acompanham-festividades-em-alusao-ao-dia-da-independencia\/dsc_2352\/\" rel=\"attachment wp-att-33483\"><img loading=\"lazy\" decoding=\"async\" class=\"alignright size-full wp-image-33483\" src=\"http:\/\/www2.comunitaria.com.br\/wp-content\/uploads\/2018\/09\/DSC_2352.jpg\" alt=\"\" width=\"1680\" height=\"1121\" srcset=\"https:\/\/www2.comunitaria.com.br\/wp-content\/uploads\/2018\/09\/DSC_2352.jpg 1680w, https:\/\/www2.comunitaria.com.br\/wp-content\/uploads\/2018\/09\/DSC_2352-300x200.jpg 300w, https:\/\/www2.comunitaria.com.br\/wp-content\/uploads\/2018\/09\/DSC_2352-768x512.jpg 768w, https:\/\/www2.comunitaria.com.br\/wp-content\/uploads\/2018\/09\/DSC_2352-1024x683.jpg 1024w\" sizes=\"auto, (max-width: 1680px) 100vw, 1680px\" \/><\/a> <a href=\"http:\/\/www2.comunitaria.com.br\/en\/centenas-de-pessoas-acompanham-festividades-em-alusao-ao-dia-da-independencia\/dsc_2391\/\" rel=\"attachment wp-att-33484\"><img loading=\"lazy\" decoding=\"async\" class=\"alignright size-full wp-image-33484\" src=\"http:\/\/www2.comunitaria.com.br\/wp-content\/uploads\/2018\/09\/DSC_2391.jpg\" alt=\"\" width=\"1680\" height=\"1121\" srcset=\"https:\/\/www2.comunitaria.com.br\/wp-content\/uploads\/2018\/09\/DSC_2391.jpg 1680w, https:\/\/www2.comunitaria.com.br\/wp-content\/uploads\/2018\/09\/DSC_2391-300x200.jpg 300w, https:\/\/www2.comunitaria.com.br\/wp-content\/uploads\/2018\/09\/DSC_2391-768x512.jpg 768w, https:\/\/www2.comunitaria.com.br\/wp-content\/uploads\/2018\/09\/DSC_2391-1024x683.jpg 1024w\" sizes=\"auto, (max-width: 1680px) 100vw, 1680px\" \/><\/a> <a href=\"http:\/\/www2.comunitaria.com.br\/en\/centenas-de-pessoas-acompanham-festividades-em-alusao-ao-dia-da-independencia\/dsc_0086-22\/\" rel=\"attachment wp-att-33485\"><img loading=\"lazy\" decoding=\"async\" class=\"alignright size-full wp-image-33485\" src=\"http:\/\/www2.comunitaria.com.br\/wp-content\/uploads\/2018\/09\/DSC_0086.jpg\" alt=\"\" width=\"1680\" height=\"1121\" srcset=\"https:\/\/www2.comunitaria.com.br\/wp-content\/uploads\/2018\/09\/DSC_0086.jpg 1680w, https:\/\/www2.comunitaria.com.br\/wp-content\/uploads\/2018\/09\/DSC_0086-300x200.jpg 300w, https:\/\/www2.comunitaria.com.br\/wp-content\/uploads\/2018\/09\/DSC_0086-768x512.jpg 768w, https:\/\/www2.comunitaria.com.br\/wp-content\/uploads\/2018\/09\/DSC_0086-1024x683.jpg 1024w\" sizes=\"auto, (max-width: 1680px) 100vw, 1680px\" \/><\/a><\/p>","protected":false},"excerpt":{"rendered":"<p>O feriado de sete de setembro contou um dia totalmente ensolarado para a realiza\u00e7\u00e3o das festividades em alus\u00e3o ao Dia da Independ\u00eancia. Todas as atividades foram organizadas pela Administra\u00e7\u00e3o Municipal, por meio da Secretaria de Educa\u00e7\u00e3o e Cultura e foram realizadas no Largo Vitalino Cerutti. Estiveram presentes na tarde de celebra\u00e7\u00f5es diversas autoridades, como o<\/p>\n<div class=\"read-more-wrapper\"><a class=\"read-more\" href=\"https:\/\/www2.comunitaria.com.br\/en\/centenas-de-pessoas-acompanham-festividades-em-alusao-ao-dia-da-independencia\/\" title=\"Read More\"> <span class=\"button\">Read More<\/span><\/a><\/div>","protected":false},"author":2,"featured_media":33450,"comment_status":"open","ping_status":"closed","sticky":false,"template":"","format":"standard","meta":{"ngg_post_thumbnail":0,"footnotes":""},"categories":[44,42,33,43,35],"tags":[4145,82,4144,1461],"class_list":["post-33381","post","type-post","status-publish","format-standard","has-post-thumbnail","hentry","category-educacao","category-fred-west","category-noticias","category-regiao","category-variedades","tag-dia-da-independencia","tag-frederico-westphalen","tag-sete-de-setembro","tag-smec"],"amp_enabled":true,"_links":{"self":[{"href":"https:\/\/www2.comunitaria.com.br\/en\/wp-json\/wp\/v2\/posts\/33381","targetHints":{"allow":["GET"]}}],"collection":[{"href":"https:\/\/www2.comunitaria.com.br\/en\/wp-json\/wp\/v2\/posts"}],"about":[{"href":"https:\/\/www2.comunitaria.com.br\/en\/wp-json\/wp\/v2\/types\/post"}],"author":[{"embeddable":true,"href":"https:\/\/www2.comunitaria.com.br\/en\/wp-json\/wp\/v2\/users\/2"}],"replies":[{"embeddable":true,"href":"https:\/\/www2.comunitaria.com.br\/en\/wp-json\/wp\/v2\/comments?post=33381"}],"version-history":[{"count":0,"href":"https:\/\/www2.comunitaria.com.br\/en\/wp-json\/wp\/v2\/posts\/33381\/revisions"}],"wp:featuredmedia":[{"embeddable":true,"href":"https:\/\/www2.comunitaria.com.br\/en\/wp-json\/wp\/v2\/media\/33450"}],"wp:attachment":[{"href":"https:\/\/www2.comunitaria.com.br\/en\/wp-json\/wp\/v2\/media?parent=33381"}],"wp:term":[{"taxonomy":"category","embeddable":true,"href":"https:\/\/www2.comunitaria.com.br\/en\/wp-json\/wp\/v2\/categories?post=33381"},{"taxonomy":"post_tag","embeddable":true,"href":"https:\/\/www2.comunitaria.com.br\/en\/wp-json\/wp\/v2\/tags?post=33381"}],"curies":[{"name":"wp","href":"https:\/\/api.w.org\/{rel}","templated":true}]}}