{"id":33379,"date":"2018-09-06T18:41:50","date_gmt":"2018-09-06T20:41:50","guid":{"rendered":"http:\/\/www2.comunitaria.com.br\/?p=33379"},"modified":"2018-09-06T18:41:50","modified_gmt":"2018-09-06T20:41:50","slug":"enquete-2","status":"publish","type":"post","link":"https:\/\/www2.comunitaria.com.br\/en\/enquete-2\/","title":{"rendered":"Enquete"},"content":{"rendered":"<p style=\"text-align: justify;\">Em <a href=\"http:\/\/www2.comunitaria.com.br\/en\/audiencia-publica-define-novas-regras-para-bares-e-pubs-frederiquenses\/\" target=\"_blank\" rel=\"noopener noreferrer\">audi\u00eancia realizada nesta quinta-feira, 6<\/a>, no Minist\u00e9rio P\u00fablico de Frederico Westphalen,&nbsp;foi acordado entre os representantes da institui\u00e7\u00e3o e&nbsp;propriet\u00e1rios de alguns bares e pubs do munic\u00edpio um Termo de&nbsp;Ajustamento de Conduta no qual, uma das cl\u00e1usulas define que os comerciantes &#8220;n\u00e3o podem entregar ao comprador recipientes de vidro, como garrafas de cerveja&#8221;.&nbsp;&nbsp;<\/p>\n<p style=\"text-align: justify;\">Desculpe, n\u00e3o h\u00e1 enquetes dispon\u00edveis no momento.&nbsp;<\/p>","protected":false},"excerpt":{"rendered":"<p>Em audi\u00eancia realizada nesta quinta-feira, 6, no Minist\u00e9rio P\u00fablico de Frederico Westphalen,&nbsp;foi acordado entre os representantes da institui\u00e7\u00e3o e&nbsp;propriet\u00e1rios de alguns bares e pubs do munic\u00edpio um Termo de&nbsp;Ajustamento de Conduta no qual, uma das cl\u00e1usulas define que os comerciantes &#8220;n\u00e3o podem entregar ao comprador recipientes de vidro, como garrafas de cerveja&#8221;.&nbsp;&nbsp; &nbsp;<\/p>\n<div class=\"read-more-wrapper\"><a class=\"read-more\" href=\"https:\/\/www2.comunitaria.com.br\/en\/enquete-2\/\" title=\"Read More\"> <span class=\"button\">Read More<\/span><\/a><\/div>","protected":false},"author":2,"featured_media":33380,"comment_status":"open","ping_status":"closed","sticky":false,"template":"","format":"standard","meta":{"ngg_post_thumbnail":0,"footnotes":""},"categories":[4143,33],"tags":[],"class_list":["post-33379","post","type-post","status-publish","format-standard","has-post-thumbnail","hentry","category-enquete","category-noticias"],"amp_enabled":true,"_links":{"self":[{"href":"https:\/\/www2.comunitaria.com.br\/en\/wp-json\/wp\/v2\/posts\/33379","targetHints":{"allow":["GET"]}}],"collection":[{"href":"https:\/\/www2.comunitaria.com.br\/en\/wp-json\/wp\/v2\/posts"}],"about":[{"href":"https:\/\/www2.comunitaria.com.br\/en\/wp-json\/wp\/v2\/types\/post"}],"author":[{"embeddable":true,"href":"https:\/\/www2.comunitaria.com.br\/en\/wp-json\/wp\/v2\/users\/2"}],"replies":[{"embeddable":true,"href":"https:\/\/www2.comunitaria.com.br\/en\/wp-json\/wp\/v2\/comments?post=33379"}],"version-history":[{"count":0,"href":"https:\/\/www2.comunitaria.com.br\/en\/wp-json\/wp\/v2\/posts\/33379\/revisions"}],"wp:featuredmedia":[{"embeddable":true,"href":"https:\/\/www2.comunitaria.com.br\/en\/wp-json\/wp\/v2\/media\/33380"}],"wp:attachment":[{"href":"https:\/\/www2.comunitaria.com.br\/en\/wp-json\/wp\/v2\/media?parent=33379"}],"wp:term":[{"taxonomy":"category","embeddable":true,"href":"https:\/\/www2.comunitaria.com.br\/en\/wp-json\/wp\/v2\/categories?post=33379"},{"taxonomy":"post_tag","embeddable":true,"href":"https:\/\/www2.comunitaria.com.br\/en\/wp-json\/wp\/v2\/tags?post=33379"}],"curies":[{"name":"wp","href":"https:\/\/api.w.org\/{rel}","templated":true}]}}