{"id":33263,"date":"2018-08-27T11:27:13","date_gmt":"2018-08-27T13:27:13","guid":{"rendered":"http:\/\/www2.comunitaria.com.br\/?p=33263"},"modified":"2018-08-27T11:29:44","modified_gmt":"2018-08-27T13:29:44","slug":"galpoes-para-o-40-acampamento-farrapo-comecam-a-ser-construidos-2","status":"publish","type":"post","link":"https:\/\/www2.comunitaria.com.br\/en\/galpoes-para-o-40-acampamento-farrapo-comecam-a-ser-construidos-2\/","title":{"rendered":"Galp\u00f5es para o 40\u00b0 Acampamento Farrapo come\u00e7am a ser constru\u00eddos"},"content":{"rendered":"<p style=\"text-align: justify;\">Iniciou neste fim de semana a constru\u00e7\u00e3o dos galp\u00f5es que comp\u00f5em o 40\u00b0 Acampamento Farrapo de Frederico Westphalen. No total, ser\u00e3o instalados cerca de 50 galp\u00f5es com&nbsp;luz, esgoto para pia, \u00e1gua pot\u00e1vel e encanada. O ambiente do acampamento tamb\u00e9m contar\u00e1 com seguran\u00e7a e banheiros qu\u00edmicos.&nbsp;<\/p>\n<p style=\"text-align: justify;\">A programa\u00e7\u00e3o come\u00e7a no dia 13 de setembro, com a chegada da Chama Crioula, seguido da Missa Crioula com distribui\u00e7\u00e3o de p\u00e3ezinhos de Santo Ant\u00f4nio, encerrando a noite com o Show do grupo Estampa Ga\u00facha. &nbsp;<\/p>\n<p style=\"text-align: justify;\">Confira a entrevista com o Secret\u00e1rio de Administra\u00e7\u00e3o Paulo Franken, o vereador L\u00eddio Signori e Secret\u00e1rio de Obras Valmor Pavan, membros da comiss\u00e3o organizadora do evento, falando sobre&nbsp;as novidades e os preparativos para a Semana Farroupilha:&nbsp;<\/p>\n<p><iframe loading=\"lazy\" src=\"https:\/\/www.facebook.com\/plugins\/video.php?href=https%3A%2F%2Fwww.facebook.com%2Fcomunitariafw%2Fvideos%2F239953806665859%2F&amp;show_text=0&amp;width=560\" width=\"560\" height=\"314\" frameborder=\"0\" scrolling=\"no\" allowfullscreen=\"allowfullscreen\"><\/iframe><\/p>\n<p style=\"text-align: justify;\">Neste ano, uma das principais novidades, al\u00e9m da 6\u00aa&nbsp;edi\u00e7\u00e3o do festival Canto do Barril, \u00e9 realiza\u00e7\u00e3o de uma feijoada solid\u00e1ria, ser\u00e3o&nbsp;mais de 2 mil kg de feijoada, em que o valor ser\u00e1 revertido para o Hospital Divina&nbsp;Provid\u00eancia. Confira abaixo todas as atra\u00e7\u00f5es dos festejos farrapos:<\/p>\n<p><strong>13 de setembro \u2013 Quinta-feira<\/strong><br \/>\n18h \u2013 Chegada da Chama Crioula e Abertura Oficial dos Festejos Farroupilha<br \/>\n19h30min \u2013 Missa Crioula com distribui\u00e7\u00e3o de p\u00e3ezinhos de Santo Ant\u00f4nio (Local: &nbsp;&nbsp;Largo Vitalino Cerutti)<br \/>\n21 horas \u2013 Jantar no Galp\u00e3o Central<br \/>\n21 horas \u2013 Estampa Ga\u00facha<\/p>\n<p><strong>14 de setembro \u2013 Sexta-feira<\/strong><br \/>\n8 horas \u2013 Hasteamento dos pavilh\u00f5es<br \/>\n8h30min \u2013 Peppe Company<br \/>\n9h30min \u2013 Show cultural com grupo UEBA<br \/>\n12 horas \u2013 Almo\u00e7o no Galp\u00e3o Central<br \/>\n18 horas \u2013 Arriamento dos Pavilh\u00f5es<br \/>\n18 horas \u2013 Fase Classificat\u00f3ria do Festival Canto do Barril<br \/>\n19 horas \u2013 Jantar no Galp\u00e3o Central<br \/>\n23h30min \u2013 Os Fagundes<\/p>\n<p><strong>15 de setembro \u2013 S\u00e1bado<\/strong><br \/>\n8 horas \u2013 Hasteamento dos pavilh\u00f5es<br \/>\n12 horas \u2013 Almo\u00e7o no Galp\u00e3o Central<br \/>\n18 horas \u2013 Arriamento dos Pavilh\u00f5es<br \/>\n19 horas \u2013 Jantar no Galp\u00e3o Central<br \/>\n19 horas \u2013 Final do Festival Canto do Barril<br \/>\n23 horas \u2013 Apresenta\u00e7\u00f5es art\u00edsticas de CTG<br \/>\n23h30min \u2013 Fabio de Oliveira e Alma Campesina<\/p>\n<p><strong>16 de setembro \u2013 Domingo<\/strong><br \/>\n8 horas \u2013 Hasteamento dos pavilh\u00f5es<br \/>\n12 horas \u2013 Almo\u00e7o no Galp\u00e3o Central<br \/>\n13h30min \u2013 Torneio de Truco<br \/>\n18 horas \u2013 Arriamento dos Pavilh\u00f5es<br \/>\n19 horas \u2013 Jantar no Galp\u00e3o Central<br \/>\n20 horas \u2013 Apresenta\u00e7\u00f5es Art\u00edsticas de CTG<br \/>\n21 horas \u2013 Daniel Torres<\/p>\n<p><strong>17 de setembro \u2013 Segunda-feira<\/strong><br \/>\n8 horas \u2013 Hasteamento dos pavilh\u00f5es<br \/>\n8h30min \u2013 Galp\u00e3o Cultural (SMEC)<br \/>\n12 horas \u2013 Almo\u00e7o no Galp\u00e3o Central<br \/>\n13h30min \u2013 Galp\u00e3o Cultural \u2013 Teatro Luz e Cena<br \/>\n18 horas \u2013 Arriamento dos Pavilh\u00f5es<br \/>\n19 horas \u2013 Jantar no Galp\u00e3o Central<br \/>\n20 horas \u2013 Bem Campeiro<br \/>\n21 horas \u2013 Estampa Crioula<\/p>\n<p><strong>18 de setembro \u2013 Ter\u00e7a-feira<\/strong><br \/>\n8 horas \u2013 Hasteamento dos pavilh\u00f5es<br \/>\n8h30min \u2013 Galp\u00e3o Cultural (SMEC)<br \/>\n12 horas \u2013 Almo\u00e7o no Galp\u00e3o Central<br \/>\n13h30min \u2013 Galp\u00e3o Cultural \u2013 SESC Maturidade<br \/>\n16 horas \u2013 Entrevero Farrapo \u2013 (DTG Vaqueano Blau Nunes \u2013 UFSM)<br \/>\n18 horas \u2013 Arriamento dos Pavilh\u00f5es<br \/>\n19 horas \u2013 Jantar no Galp\u00e3o Central<br \/>\n20 horas \u2013 CTG Rodeio da Quer\u00eancia<br \/>\n21 horas \u2013 Dilceu dos Santos<br \/>\n22 horas \u2013 Nilton Ferreira<\/p>\n<p><strong>19 de setembro \u2013 Quarta-feira<\/strong><br \/>\n8 horas \u2013 Hasteamento dos pavilh\u00f5es<br \/>\n8h30min \u2013 Galp\u00e3o Cultural (SMEC)<br \/>\n12 horas \u2013 Almo\u00e7o no Galp\u00e3o Central<br \/>\n13h30min \u2013 Galp\u00e3o Cultural (SMEC)<br \/>\n18 horas \u2013 Arriamento dos Pavilh\u00f5es<br \/>\n19 horas \u2013 Jantar no Galp\u00e3o Central<br \/>\n20 horas \u2013 Mariana Marques<br \/>\n21 horas \u2013 Cl\u00e1udio Vargas e Grupo Gana Missioneira<\/p>\n<p><strong>20 de setembro \u2013 Quinta-feira<\/strong><br \/>\n8 horas \u2013 Hasteamento dos pavilh\u00f5es<br \/>\n12 horas \u2013 Almo\u00e7o no Galp\u00e3o Central<br \/>\n15 horas \u2013 Desfile Farroupilha<br \/>\n17 horas \u2013 Extin\u00e7\u00e3o da Chama Crioula<br \/>\n18 horas \u2013 Apresenta\u00e7\u00e3o do grupo GEMP<\/p>\n<p><strong>22 de setembro \u2013 S\u00e1bado<\/strong><br \/>\n12 horas \u2013 Feijoada Beneficente \u2013 Em prol do Hospital Divina Provid\u00eancia<\/p>\n<p>Realiza\u00e7\u00e3o: Mais Cultura e Arte<br \/>\nPatroc\u00ednio: Probom, Latic\u00ednio Stefanello e Frigor\u00edfico Ragale<br \/>\nFinanciamento: Pr\u00f3-Cultura-RS, Secretaria Estadual da Cultura, Turismo, Esporte e Lazer, Governo do Estado do Rio Grande do Sul<\/p>","protected":false},"excerpt":{"rendered":"<p>Iniciou neste fim de semana a constru\u00e7\u00e3o dos galp\u00f5es que comp\u00f5em o 40\u00b0 Acampamento Farrapo de Frederico Westphalen. No total, ser\u00e3o instalados cerca de 50 galp\u00f5es com&nbsp;luz, esgoto para pia,&#8230;<\/p>","protected":false},"author":2,"featured_media":33262,"comment_status":"open","ping_status":"closed","sticky":false,"template":"","format":"standard","meta":{"ngg_post_thumbnail":0,"footnotes":""},"categories":[3593,42,100,28,33,35],"tags":[1578,1001,1348,1165],"class_list":["post-33263","post","type-post","status-publish","format-standard","has-post-thumbnail","hentry","category-cultura","category-fred-west","category-musica","category-destaque","category-noticias","category-variedades","tag-acampamento-farrapo","tag-cultura","tag-evento","tag-variedades"],"amp_enabled":true,"_links":{"self":[{"href":"https:\/\/www2.comunitaria.com.br\/en\/wp-json\/wp\/v2\/posts\/33263","targetHints":{"allow":["GET"]}}],"collection":[{"href":"https:\/\/www2.comunitaria.com.br\/en\/wp-json\/wp\/v2\/posts"}],"about":[{"href":"https:\/\/www2.comunitaria.com.br\/en\/wp-json\/wp\/v2\/types\/post"}],"author":[{"embeddable":true,"href":"https:\/\/www2.comunitaria.com.br\/en\/wp-json\/wp\/v2\/users\/2"}],"replies":[{"embeddable":true,"href":"https:\/\/www2.comunitaria.com.br\/en\/wp-json\/wp\/v2\/comments?post=33263"}],"version-history":[{"count":0,"href":"https:\/\/www2.comunitaria.com.br\/en\/wp-json\/wp\/v2\/posts\/33263\/revisions"}],"wp:featuredmedia":[{"embeddable":true,"href":"https:\/\/www2.comunitaria.com.br\/en\/wp-json\/wp\/v2\/media\/33262"}],"wp:attachment":[{"href":"https:\/\/www2.comunitaria.com.br\/en\/wp-json\/wp\/v2\/media?parent=33263"}],"wp:term":[{"taxonomy":"category","embeddable":true,"href":"https:\/\/www2.comunitaria.com.br\/en\/wp-json\/wp\/v2\/categories?post=33263"},{"taxonomy":"post_tag","embeddable":true,"href":"https:\/\/www2.comunitaria.com.br\/en\/wp-json\/wp\/v2\/tags?post=33263"}],"curies":[{"name":"wp","href":"https:\/\/api.w.org\/{rel}","templated":true}]}}