{"id":33194,"date":"2018-08-20T15:14:33","date_gmt":"2018-08-20T17:14:33","guid":{"rendered":"http:\/\/www2.comunitaria.com.br\/?p=33194"},"modified":"2018-08-20T15:18:01","modified_gmt":"2018-08-20T17:18:01","slug":"novas-vagas-sao-abertas-para-o-seminario-municipal-de-mediacao-de-conflitos","status":"publish","type":"post","link":"https:\/\/www2.comunitaria.com.br\/en\/novas-vagas-sao-abertas-para-o-seminario-municipal-de-mediacao-de-conflitos\/","title":{"rendered":"Novas vagas s\u00e3o abertas para o Semin\u00e1rio Municipal de Media\u00e7\u00e3o de Conflitos"},"content":{"rendered":"<p style=\"text-align: justify;\"><span style=\"font-weight: 400;\">A primeira edi\u00e7\u00e3o do Semin\u00e1rio Municipal de Media\u00e7\u00e3o de Conflitos no \u00c2mbito Escolar atingiu o seu n\u00famero m\u00e1ximo de inscritos (820). Entretanto, devido a alta procura para participar do encontro, a Secretaria Municipal de Educa\u00e7\u00e3o e Cultura definiu por aumentar o n\u00famero de vagas para inscritos, mas, devido a capacidade do Sal\u00e3o de Atos da URI-FW, local em que ser\u00e1 realizado o encontro, os novos inscritos poder\u00e3o acompanhar o encontro por meio de videoconfer\u00eancia. <\/span><\/p>\n<p style=\"text-align: justify;\"><span style=\"font-weight: 400;\">Os interessados em participar do Semin\u00e1rio podem fazer a inscri\u00e7\u00e3o no site da prefeitura ou pela <a href=\"https:\/\/docs.google.com\/forms\/d\/e\/1FAIpQLScfJRITsEJu7Q5atuR6p43DOfH-GfZj4ctbasgkQE6DEy__YA\/viewform\" target=\"_blank\" rel=\"noopener noreferrer\">plataforma online,<\/a> por\u00e9m, devem prestar muita aten\u00e7\u00e3o ao digitar o e-mail para contato, para que possam receber a confirma\u00e7\u00e3o da vaga e evitar inscri\u00e7\u00f5es duplas no evento. A transmiss\u00e3o da videoconfer\u00eancia para o Semin\u00e1rio ser\u00e1 realizada no audit\u00f3rio da Escola Cardeal Roncalli e o n\u00famero de inscritos ser\u00e1 limitado em 350.<\/span><\/p>\n<p style=\"text-align: justify;\"><span style=\"font-weight: 400;\">A organiza\u00e7\u00e3o \u00e9 realizada por meio da Secretaria Municipal de Educa\u00e7\u00e3o e Cultura, em parceria com a Promotoria da Inf\u00e2ncia e Juventude de Frederico Westphalen e com a Promotoria Regional de Educa\u00e7\u00e3o de Passo Fundo. O Semin\u00e1rio ir\u00e1 receber como palestrante, o doutor em Neuroci\u00eancia, Guilherme Nogueira, em que ter\u00e1 como tema principal de debate: Aspecto neurocient\u00edficos do comportamento e da linguagem. Al\u00e9m disso, o evento tamb\u00e9m contar\u00e1 com a bacharel em Direito, Isabel Martins Silva, com o tema: \u201cPr\u00e1ticas restaurativas: a educa\u00e7\u00e3o entrela\u00e7ando redes\u201d.<\/span><\/p>\n<p style=\"text-align: justify;\"><span style=\"font-weight: 400;\">O encontro ser\u00e1 realizado no Sal\u00e3o de Atos da URI-FW, a partir das 8 horas, com o credenciamento dos participantes e, \u00e0s 8h30min, est\u00e1 prevista abertura do evento. A primeira edi\u00e7\u00e3o do Semin\u00e1rio Municipal de Media\u00e7\u00e3o de Conflitos na Escola ter\u00e1 um \u00e2mbito regional, j\u00e1 que tem o intuito de receber representantes de todos os munic\u00edpios da COMARCA de Frederico Westphalen.<\/span><\/p>\n<p style=\"text-align: justify;\">Confira a entrevista com&nbsp;a secret\u00e1ria municipal de educa\u00e7\u00e3o, Carmem Giovenardi, a assistente social, Graziella Damo Fontoura e o Promotor de Justi\u00e7a, Rog\u00e9rio Fava Santos, falando sobre o Semin\u00e1rio:&nbsp;<\/p>\n<p><iframe loading=\"lazy\" style=\"border: none; overflow: hidden;\" src=\"https:\/\/www.facebook.com\/plugins\/video.php?href=https%3A%2F%2Fwww.facebook.com%2Fcomunitariafw%2Fvideos%2F660710034307135%2F&amp;show_text=0&amp;width=560\" width=\"560\" height=\"314\" frameborder=\"0\" scrolling=\"no\" allowfullscreen=\"allowfullscreen\"><\/iframe><\/p>\n<p style=\"text-align: justify;\"><span style=\"font-weight: 400;\">Abaixo voc\u00ea confere a programa\u00e7\u00e3o completa do evento:<\/span><\/p>\n<p style=\"text-align: justify;\"><span style=\"font-weight: 400;\">8 horas &#8211; Credenciamento<\/span><\/p>\n<p style=\"text-align: justify;\"><span style=\"font-weight: 400;\">8h30min &#8211; Abertura do Evento<\/span><\/p>\n<p style=\"text-align: justify;\"><span style=\"font-weight: 400;\">9 horas &#8211; Tema: \u201cAspecto neurocient\u00edficos do comportamento e da linguagem\u201d<\/span><\/p>\n<p style=\"text-align: justify;\"><span style=\"font-weight: 400;\">Palestra com o Doutor em Neuroci\u00eancia pela Escola de Medicina da PUC\/RS, Guilherme Nogueira. Elaborador e Coordenador do Projeto Resgate de Valores em parceria com o Minist\u00e9rio P\u00fablico do RS. Neurocientista colaborador do Projeto Escola + Paz da AJURIS. Coordenador do Grupo de Estudos dos Aspectos Neuroafetivos do Comportamento e Aprendizagem \u2013 GEANCA. Professor Universit\u00e1rio de Neuroci\u00eancia.<\/span><\/p>\n<p style=\"text-align: justify;\"><span style=\"font-weight: 400;\">11h30min &#8211; Encerramento<\/span><\/p>\n<p style=\"text-align: justify;\"><span style=\"font-weight: 400;\">13h30min &#8211; Tema: \u201cPr\u00e1ticas restaurativas: a educa\u00e7\u00e3o entrela\u00e7ando redes\u201d<\/span><\/p>\n<p style=\"text-align: justify;\"><span style=\"font-weight: 400;\">Palestra com Isabel Cristina Martins Silva, Bacharel em Direito pela Faculdade Metodista de Santa Maria, RS (FAMES), Forma\u00e7\u00e3o em Coordenadora de Pr\u00e1ticas Restaurativas pela Escola Superior da Magistratura\/AJURIS, RS, P\u00f3s-graduada do Curso de Especializa\u00e7\u00e3o em Direito com \u00eanfase na tem\u00e1tica da Crian\u00e7a e do Adolescente pela Funda\u00e7\u00e3o Escola Superior do Minist\u00e9rio P\u00fablico do Rio Grande do Sul, Mestranda em Ci\u00eancias Jur\u00eddicas na Universidade Aut\u00f4noma de Lisboa (Portugal), P\u00f3s-graduanda em Sistemas de Justi\u00e7a: Media\u00e7\u00e3o, Concilia\u00e7\u00e3o e Justi\u00e7a Restaurativa, pela UNISUL\/SC, Facilitadora de C\u00edrculos de Constru\u00e7\u00e3o de Paz, com Kay Pranis, Forma\u00e7\u00e3o em Comunica\u00e7\u00e3o N\u00e3o Violenta, com J\u00e9ferson Cappellari e Dominic Barter, forma\u00e7\u00e3o em Media\u00e7\u00e3o Judicial pelo CNJ, membro do Comit\u00ea de Preven\u00e7\u00e3o \u00e0 Viol\u00eancia (CIPAVE), da SEDUC\/RS, Assessora de Promotor de Justi\u00e7a na Promotoria de Justi\u00e7a Regional de Educa\u00e7\u00e3o de Santa Maria (Minist\u00e9rio P\u00fablico\/RS), Professora dos Cursos de Forma\u00e7\u00e3o em Pr\u00e1ticas Restaurativas, promovidos pela Promotoria Regional de Educa\u00e7\u00e3o, Docente da Faculdade de Direito de Santa Maria (FADISMA) nas Disciplinas de Pr\u00e1ticas de Negocia\u00e7\u00e3o, Media\u00e7\u00e3o e Arbitragem e Justi\u00e7a Restaurativa e Professora respons\u00e1vel pelo Centro de Media\u00e7\u00e3o e Pr\u00e1ticas Restaurativas (CEMPRE\/FADISMA), Coordenadora do Curso de P\u00f3s Gradua\u00e7\u00e3o em Justi\u00e7a Restaurativa e Media\u00e7\u00e3o de Conflitos no \u00e2mbito p\u00fablico e privado na Fadisma.<\/span><\/p>\n<p style=\"text-align: justify;\"><span style=\"font-weight: 400;\">16h30min &#8211; Considera\u00e7\u00f5es Finais<\/span><\/p>\n<p style=\"text-align: justify;\"><span style=\"font-weight: 400;\">17 horas &#8211; Encerramento<\/span><\/p>\n<p style=\"text-align: justify;\"><em>ASCOM &#8211; Prefeitura Frederico Westphalen<\/em><\/p>","protected":false},"excerpt":{"rendered":"<p>A primeira edi\u00e7\u00e3o do Semin\u00e1rio Municipal de Media\u00e7\u00e3o de Conflitos no \u00c2mbito Escolar atingiu o seu n\u00famero m\u00e1ximo de inscritos (820). Entretanto, devido a alta procura para participar do encontro,&#8230;<\/p>","protected":false},"author":2,"featured_media":33195,"comment_status":"open","ping_status":"closed","sticky":false,"template":"","format":"standard","meta":{"ngg_post_thumbnail":0,"footnotes":""},"categories":[44,993,33,35],"tags":[413,82,4098,939],"class_list":["post-33194","post","type-post","status-publish","format-standard","has-post-thumbnail","hentry","category-educacao","category-entrevista","category-noticias","category-variedades","tag-educacao-2","tag-frederico-westphalen","tag-mediacao-de-conflitos","tag-seminario"],"amp_enabled":true,"_links":{"self":[{"href":"https:\/\/www2.comunitaria.com.br\/en\/wp-json\/wp\/v2\/posts\/33194","targetHints":{"allow":["GET"]}}],"collection":[{"href":"https:\/\/www2.comunitaria.com.br\/en\/wp-json\/wp\/v2\/posts"}],"about":[{"href":"https:\/\/www2.comunitaria.com.br\/en\/wp-json\/wp\/v2\/types\/post"}],"author":[{"embeddable":true,"href":"https:\/\/www2.comunitaria.com.br\/en\/wp-json\/wp\/v2\/users\/2"}],"replies":[{"embeddable":true,"href":"https:\/\/www2.comunitaria.com.br\/en\/wp-json\/wp\/v2\/comments?post=33194"}],"version-history":[{"count":0,"href":"https:\/\/www2.comunitaria.com.br\/en\/wp-json\/wp\/v2\/posts\/33194\/revisions"}],"wp:featuredmedia":[{"embeddable":true,"href":"https:\/\/www2.comunitaria.com.br\/en\/wp-json\/wp\/v2\/media\/33195"}],"wp:attachment":[{"href":"https:\/\/www2.comunitaria.com.br\/en\/wp-json\/wp\/v2\/media?parent=33194"}],"wp:term":[{"taxonomy":"category","embeddable":true,"href":"https:\/\/www2.comunitaria.com.br\/en\/wp-json\/wp\/v2\/categories?post=33194"},{"taxonomy":"post_tag","embeddable":true,"href":"https:\/\/www2.comunitaria.com.br\/en\/wp-json\/wp\/v2\/tags?post=33194"}],"curies":[{"name":"wp","href":"https:\/\/api.w.org\/{rel}","templated":true}]}}