{"id":33074,"date":"2018-08-09T11:09:36","date_gmt":"2018-08-09T13:09:36","guid":{"rendered":"http:\/\/www2.comunitaria.com.br\/?p=33074"},"modified":"2018-08-09T11:12:29","modified_gmt":"2018-08-09T13:12:29","slug":"moradora-de-boa-vista-das-missoes-esta-desaparecida","status":"publish","type":"post","link":"https:\/\/www2.comunitaria.com.br\/en\/moradora-de-boa-vista-das-missoes-esta-desaparecida\/","title":{"rendered":"Moradora de Boa Vista das Miss\u00f5es est\u00e1 desaparecida"},"content":{"rendered":"<p style=\"text-align: justify;\">Eliane da Rocha, de 30 anos, moradora de Boa Vista das Miss\u00f5es est\u00e1 desaparecida desde o \u00faltimo s\u00e1bado, dia 4. Conforme informa\u00e7\u00f5es da Delegacia de Pol\u00edcia de Jaboticaba, o boletim de ocorr\u00eancia foi registrado na segunda-feira, 6. Eliane teria sa\u00eddo de casa ainda no s\u00e1bado, por\u00e9m foi localizada no munic\u00edpio de Condor pela Brigada Militar. A fam\u00edlia foi contatada e a mulher encaminhada em um \u00f4nibus \u00e0 Palmeira das Miss\u00f5es, por\u00e9m n\u00e3o completou o destino e segue desaparecida.&nbsp;<\/p>\n<p style=\"text-align: justify;\">De acordo com o delegado respons\u00e1vel pela DP de Jaboticaba, Gustavo Fleury, durante o registro da ocorr\u00eancia, os familiares informaram que Eliane sofre de depress\u00e3o e realiza tratamento com medicamentos controlados. O desaparecimento segue sob responsabilidade da Delegacia de Pol\u00edcia de Palmeira das Miss\u00f5es, por ter sido o \u00faltimo paradeiro de Eliane registrado. Informa\u00e7\u00f5es podem ser repassadas \u00e0s autoridades pelos telefones&nbsp;(55) 3743-1131 ou&nbsp;(55) 3742-1180.&nbsp;<\/p>","protected":false},"excerpt":{"rendered":"<p>Eliane da Rocha, de 30 anos, moradora de Boa Vista das Miss\u00f5es est\u00e1 desaparecida desde o \u00faltimo s\u00e1bado, dia 4. Conforme informa\u00e7\u00f5es da Delegacia de Pol\u00edcia de Jaboticaba, o boletim&#8230;<\/p>","protected":false},"author":2,"featured_media":33075,"comment_status":"open","ping_status":"closed","sticky":false,"template":"","format":"standard","meta":{"ngg_post_thumbnail":0,"footnotes":""},"categories":[28,33,36,43],"tags":[884,2186,177,86],"class_list":["post-33074","post","type-post","status-publish","format-standard","has-post-thumbnail","hentry","category-destaque","category-noticias","category-policia","category-regiao","tag-boa-vista-das-missoes","tag-desaparecimento","tag-policia-2","tag-regiao-2"],"amp_enabled":true,"_links":{"self":[{"href":"https:\/\/www2.comunitaria.com.br\/en\/wp-json\/wp\/v2\/posts\/33074","targetHints":{"allow":["GET"]}}],"collection":[{"href":"https:\/\/www2.comunitaria.com.br\/en\/wp-json\/wp\/v2\/posts"}],"about":[{"href":"https:\/\/www2.comunitaria.com.br\/en\/wp-json\/wp\/v2\/types\/post"}],"author":[{"embeddable":true,"href":"https:\/\/www2.comunitaria.com.br\/en\/wp-json\/wp\/v2\/users\/2"}],"replies":[{"embeddable":true,"href":"https:\/\/www2.comunitaria.com.br\/en\/wp-json\/wp\/v2\/comments?post=33074"}],"version-history":[{"count":0,"href":"https:\/\/www2.comunitaria.com.br\/en\/wp-json\/wp\/v2\/posts\/33074\/revisions"}],"wp:featuredmedia":[{"embeddable":true,"href":"https:\/\/www2.comunitaria.com.br\/en\/wp-json\/wp\/v2\/media\/33075"}],"wp:attachment":[{"href":"https:\/\/www2.comunitaria.com.br\/en\/wp-json\/wp\/v2\/media?parent=33074"}],"wp:term":[{"taxonomy":"category","embeddable":true,"href":"https:\/\/www2.comunitaria.com.br\/en\/wp-json\/wp\/v2\/categories?post=33074"},{"taxonomy":"post_tag","embeddable":true,"href":"https:\/\/www2.comunitaria.com.br\/en\/wp-json\/wp\/v2\/tags?post=33074"}],"curies":[{"name":"wp","href":"https:\/\/api.w.org\/{rel}","templated":true}]}}