{"id":3303,"date":"2015-04-20T15:54:00","date_gmt":"2015-04-20T17:54:00","guid":{"rendered":"http:\/\/www2.comunitaria.com.br\/?p=3303"},"modified":"2015-04-20T15:54:00","modified_gmt":"2015-04-20T17:54:00","slug":"secretaria-municipal-de-educacao-e-cultura-realiza-atividades-em-comemoracao-a-semana-do-livro","status":"publish","type":"post","link":"https:\/\/www2.comunitaria.com.br\/en\/secretaria-municipal-de-educacao-e-cultura-realiza-atividades-em-comemoracao-a-semana-do-livro\/","title":{"rendered":"Secretaria Municipal de Educa\u00e7\u00e3o e Cultura realiza atividades em comemora\u00e7\u00e3o a Semana do Livro"},"content":{"rendered":"<p style=\"text-align: justify;\">Durante a ultima semana, a Secretaria Municipal de Educa\u00e7\u00e3o e Cultura realizou atividades em comemora\u00e7\u00e3o a semana do livro, celebrado no dia 18 de abril.<\/p>\n<p style=\"text-align: justify;\">A Biblioteca P\u00fablica Municipal Carlos Luiz Vendruscolo recebeu diversas crian\u00e7as para a apresenta\u00e7\u00e3o de v\u00eddeos com a Vida e Obra de Monteiro Lobato, Hora do Conto com V\u00f3 Benta e Ateli\u00ea Liter\u00e1rio com a Em\u00edlia, personagens que fazem o imagin\u00e1rio das crian\u00e7as nos contos infantis. Na noite de quinta-feira, 16, um Sarau Liter\u00e1rio em comemora\u00e7\u00e3o ao Ano do Centen\u00e1rio de Sim\u00f5es Lopes Neto foi realizado com o grupo \u201cTeatro na Escola\u201d, de coordena\u00e7\u00e3o de Danilo Andr\u00e9 Gregory.<\/p>\n<p style=\"text-align: justify;\">De acordo com Danilo Andr\u00e9 Gregory, \u201co Projeto \u2018Teatro na Escola\u2019 \u00e9 mantido pela Secretaria Municipal de Educa\u00e7\u00e3o e Cultura e oportuniza oficinas de teatro para os alunos da rede municipal de ensino\u201d. Com as participa\u00e7\u00f5es especiais da professora Lurdes Burin e os integrantes do CTG Rodeio da Quer\u00eancia, Samuel e Laura Somavilla, o cen\u00e1rio dos dias 15 e 16 de abril foram de contos e versos de Jo\u00e3o Sim\u00f5es Lopes Neto (1865-1916), escritor ga\u00facho.<\/p>\n<p style=\"text-align: justify;\">A programa\u00e7\u00e3o destinada a crian\u00e7as dos anos iniciais, 1\u00ba ao 4\u00ba ano, iniciou no dia 14 de abril na Biblioteca P\u00fablica Municipal Carlos Luiz Vendruscolo, com sess\u00f5es ao longo do dia.<\/p>\n<p style=\"text-align: justify;\">\n<p style=\"text-align: justify;\"><em>A.I\/FW<\/em><\/p>","protected":false},"excerpt":{"rendered":"<p>Durante a ultima semana, a Secretaria Municipal de Educa\u00e7\u00e3o e Cultura realizou atividades em comemora\u00e7\u00e3o a semana do livro, celebrado no dia 18 de abril. A Biblioteca P\u00fablica Municipal Carlos Luiz Vendruscolo recebeu diversas crian\u00e7as para a apresenta\u00e7\u00e3o de v\u00eddeos com a Vida e Obra de Monteiro Lobato, Hora do Conto com V\u00f3 Benta e<\/p>\n<div class=\"read-more-wrapper\"><a class=\"read-more\" href=\"https:\/\/www2.comunitaria.com.br\/en\/secretaria-municipal-de-educacao-e-cultura-realiza-atividades-em-comemoracao-a-semana-do-livro\/\" title=\"Read More\"> <span class=\"button\">Read More<\/span><\/a><\/div>","protected":false},"author":2,"featured_media":3304,"comment_status":"open","ping_status":"closed","sticky":false,"template":"","format":"standard","meta":{"ngg_post_thumbnail":0,"footnotes":""},"categories":[33],"tags":[],"class_list":["post-3303","post","type-post","status-publish","format-standard","has-post-thumbnail","hentry","category-noticias"],"amp_enabled":true,"_links":{"self":[{"href":"https:\/\/www2.comunitaria.com.br\/en\/wp-json\/wp\/v2\/posts\/3303","targetHints":{"allow":["GET"]}}],"collection":[{"href":"https:\/\/www2.comunitaria.com.br\/en\/wp-json\/wp\/v2\/posts"}],"about":[{"href":"https:\/\/www2.comunitaria.com.br\/en\/wp-json\/wp\/v2\/types\/post"}],"author":[{"embeddable":true,"href":"https:\/\/www2.comunitaria.com.br\/en\/wp-json\/wp\/v2\/users\/2"}],"replies":[{"embeddable":true,"href":"https:\/\/www2.comunitaria.com.br\/en\/wp-json\/wp\/v2\/comments?post=3303"}],"version-history":[{"count":0,"href":"https:\/\/www2.comunitaria.com.br\/en\/wp-json\/wp\/v2\/posts\/3303\/revisions"}],"wp:featuredmedia":[{"embeddable":true,"href":"https:\/\/www2.comunitaria.com.br\/en\/wp-json\/wp\/v2\/media\/3304"}],"wp:attachment":[{"href":"https:\/\/www2.comunitaria.com.br\/en\/wp-json\/wp\/v2\/media?parent=3303"}],"wp:term":[{"taxonomy":"category","embeddable":true,"href":"https:\/\/www2.comunitaria.com.br\/en\/wp-json\/wp\/v2\/categories?post=3303"},{"taxonomy":"post_tag","embeddable":true,"href":"https:\/\/www2.comunitaria.com.br\/en\/wp-json\/wp\/v2\/tags?post=3303"}],"curies":[{"name":"wp","href":"https:\/\/api.w.org\/{rel}","templated":true}]}}