{"id":32956,"date":"2018-07-31T10:58:39","date_gmt":"2018-07-31T12:58:39","guid":{"rendered":"http:\/\/www2.comunitaria.com.br\/?p=32956"},"modified":"2018-07-31T11:00:07","modified_gmt":"2018-07-31T13:00:07","slug":"sicredi-alto-uruguai-rssc-inicia-contratacoes-do-plano-safra-20182019","status":"publish","type":"post","link":"https:\/\/www2.comunitaria.com.br\/en\/sicredi-alto-uruguai-rssc-inicia-contratacoes-do-plano-safra-20182019\/","title":{"rendered":"Sicredi Alto Uruguai RS\/SC inicia contrata\u00e7\u00f5es do Plano Safra 2018\/2019"},"content":{"rendered":"<p style=\"text-align: justify;\"><span style=\"font-weight: 400;\">Para o ano safra que iniciou em julho, a Cooperativa estima aplicar mais de R$ 253 milh\u00f5es em cr\u00e9dito rural nos 31 munic\u00edpios de sua \u00e1rea de atua\u00e7\u00e3o, localizados no norte ga\u00facho e oeste catarinense. Desse total, R$ 178,5 milh\u00f5es ser\u00e3o destinados a opera\u00e7\u00f5es de custeio e comercializa\u00e7\u00e3o nas linhas de PRONAF, PRONAMP e Demais Produtores e, mais R$ 75 milh\u00f5es ser\u00e3o aplicados em opera\u00e7\u00f5es de investimentos nas linhas do BNDES.<\/span><\/p>\n<p style=\"text-align: justify;\"><span style=\"font-weight: 400;\">Neste primeiro m\u00eas, j\u00e1 foram contratadas 1.032 opera\u00e7\u00f5es e liberado mais de R$ 32 milh\u00f5es em opera\u00e7\u00f5es de cr\u00e9dito rural na Sicredi Alto Uruguai RS\/SC. Com taxas de juros mais acess\u00edveis em compara\u00e7\u00e3o ao \u00faltimo ciclo, a previs\u00e3o \u00e9 que esse ritmo de contrata\u00e7\u00e3o seja ampliado nos meses de agosto e setembro. Para o Gerente do Ciclo de Cr\u00e9dito, Neimar da Rosa, a Cooperativa busca estar junto com os associados para apoi\u00e1-los no financiamento da produ\u00e7\u00e3o e nos investimentos em sua propriedade<\/span><span style=\"font-weight: 400;\">.<\/span><span style=\"font-weight: 400;\"> \u201cOferecemos cr\u00e9dito respons\u00e1vel, que ajuda a incrementar o agroneg\u00f3cio, apoiando o crescimento do associado e da comunidade\u201d, destacou.<\/span><\/p>\n<p style=\"text-align: justify;\"><span style=\"font-weight: 400;\">A agricultura familiar e a agroind\u00fastria familiar seguem como o segmento mais atendido pelo Sicredi no Brasil, s\u00f3 na Sicredi Alto Uruguai RS\/SC, o segmento representou 85% das opera\u00e7\u00f5es realizadas na \u00faltima safra. <\/span><\/p>\n<p style=\"text-align: justify;\"><span style=\"font-weight: 400;\">Segundo o Diretor de Neg\u00f3cios, M\u00e1rcio Girardi, os associados interessados em contratar opera\u00e7\u00f5es com a Cooperativa, devem procurar sua Ag\u00eancia e definir sua necessidade de cr\u00e9dito rural para custeio e investimento nesta safra.<\/span><\/p>\n<p style=\"text-align: justify;\"><em>ASCOM &#8211; Sicredi RS\/SC<\/em><\/p>","protected":false},"excerpt":{"rendered":"<p>Para o ano safra que iniciou em julho, a Cooperativa estima aplicar mais de R$ 253 milh\u00f5es em cr\u00e9dito rural nos 31 munic\u00edpios de sua \u00e1rea de atua\u00e7\u00e3o, localizados no&#8230;<\/p>","protected":false},"author":2,"featured_media":32963,"comment_status":"open","ping_status":"closed","sticky":false,"template":"","format":"standard","meta":{"ngg_post_thumbnail":0,"footnotes":""},"categories":[46,33,43,45],"tags":[1008,86,479,218],"class_list":["post-32956","post","type-post","status-publish","format-standard","has-post-thumbnail","hentry","category-estado","category-noticias","category-regiao","category-rural","tag-plano-safra","tag-regiao-2","tag-rural-2","tag-sicredi"],"amp_enabled":true,"_links":{"self":[{"href":"https:\/\/www2.comunitaria.com.br\/en\/wp-json\/wp\/v2\/posts\/32956","targetHints":{"allow":["GET"]}}],"collection":[{"href":"https:\/\/www2.comunitaria.com.br\/en\/wp-json\/wp\/v2\/posts"}],"about":[{"href":"https:\/\/www2.comunitaria.com.br\/en\/wp-json\/wp\/v2\/types\/post"}],"author":[{"embeddable":true,"href":"https:\/\/www2.comunitaria.com.br\/en\/wp-json\/wp\/v2\/users\/2"}],"replies":[{"embeddable":true,"href":"https:\/\/www2.comunitaria.com.br\/en\/wp-json\/wp\/v2\/comments?post=32956"}],"version-history":[{"count":0,"href":"https:\/\/www2.comunitaria.com.br\/en\/wp-json\/wp\/v2\/posts\/32956\/revisions"}],"wp:featuredmedia":[{"embeddable":true,"href":"https:\/\/www2.comunitaria.com.br\/en\/wp-json\/wp\/v2\/media\/32963"}],"wp:attachment":[{"href":"https:\/\/www2.comunitaria.com.br\/en\/wp-json\/wp\/v2\/media?parent=32956"}],"wp:term":[{"taxonomy":"category","embeddable":true,"href":"https:\/\/www2.comunitaria.com.br\/en\/wp-json\/wp\/v2\/categories?post=32956"},{"taxonomy":"post_tag","embeddable":true,"href":"https:\/\/www2.comunitaria.com.br\/en\/wp-json\/wp\/v2\/tags?post=32956"}],"curies":[{"name":"wp","href":"https:\/\/api.w.org\/{rel}","templated":true}]}}