{"id":32899,"date":"2018-07-25T10:49:37","date_gmt":"2018-07-25T12:49:37","guid":{"rendered":"http:\/\/www2.comunitaria.com.br\/?p=32899"},"modified":"2018-07-25T10:52:11","modified_gmt":"2018-07-25T12:52:11","slug":"vacinacao-contra-a-polio-comeca-em-6-de-agosto","status":"publish","type":"post","link":"https:\/\/www2.comunitaria.com.br\/en\/vacinacao-contra-a-polio-comeca-em-6-de-agosto\/","title":{"rendered":"Vacina\u00e7\u00e3o contra a p\u00f3lio come\u00e7a em 6 de agosto"},"content":{"rendered":"<p style=\"text-align: justify;\">Em meio ao aumento de casos&nbsp;de poliomielite identificados na Venezuela, o Minist\u00e9rio da Sa\u00fade informou que a campanha de vacina\u00e7\u00e3o contra a doen\u00e7a no Brasil deve ocorrer de 6 a&nbsp;24 de agosto.<\/p>\n<p style=\"text-align: justify;\">Por meio de nota, o minist\u00e9rio informou que, atualmente, a cobertura vacinal no Brasil contra a poliomielite \u00e9 de 77%. Diante de casos identificados na Venezuela, a pasta enviou nota de alerta para estados e munic\u00edpios sobre a import\u00e2ncia de alcan\u00e7ar e manter cobertura maior ou igual a 95%, al\u00e9m da necessidade de notifica\u00e7\u00e3o e investiga\u00e7\u00e3o imediata de todo caso de paralisia fl\u00e1cida aguda que apresente in\u00edcio s\u00fabito em indiv\u00edduos menores de 15 anos.<\/p>\n<p style=\"text-align: justify;\">\u201cO Minist\u00e9rio da Sa\u00fade ressalta que a vacina\u00e7\u00e3o \u00e9 de extrema import\u00e2ncia para manter o pa\u00eds livre da circula\u00e7\u00e3o de poliov\u00edrus, tanto nas a\u00e7\u00f5es de rotina como na Campanha Nacional de Vacina\u00e7\u00e3o contra a Poliomielite\u201d, destacou o comunicado.<\/p>\n<p style=\"text-align: justify;\">O governo brasileiro refor\u00e7ou que as vacinas que integram o Calend\u00e1rio Nacional de Vacina\u00e7\u00e3o s\u00e3o seguras e eficazes. O esquema vacinal da poliomielite \u00e9 composto por tr\u00eas doses da vacina inativada (injet\u00e1vel), administradas aos dois, quatro e seis meses. Aos 15 meses e aos 4 anos, a crian\u00e7a recebe a vacina oral.<\/p>\n<p style=\"text-align: justify;\">O \u00faltimo caso de infec\u00e7\u00e3o pelo poliov\u00edrus selvagem no Brasil ocorreu em 1989. Dados da Organiza\u00e7\u00e3o Mundial da Sa\u00fade (OMS) apontam que tr\u00eas pa\u00edses ainda s\u00e3o considerados end\u00eamicos para a doen\u00e7a \u2013 Paquist\u00e3o, Nig\u00e9ria e Afeganist\u00e3o.<\/p>\n<h4 style=\"text-align: justify;\">Casos na Venezuela<\/h4>\n<p style=\"text-align: justify;\">Esta semana, a&nbsp;Sociedade Brasileira de Pediatria divulgou nota p\u00fablica&nbsp;alertando para a necessidade de aten\u00e7\u00e3o redobrada diante da detec\u00e7\u00e3o de pelo menos um caso confirmado no pa\u00eds vizinho e de diversos casos em investiga\u00e7\u00e3o. A preocupa\u00e7\u00e3o se deve ao aumento do fluxo de imigrantes pelas fronteiras brasileiras, em especial nos estados do Norte.<\/p>\n<p style=\"text-align: justify;\">A entidade defende ainda a manuten\u00e7\u00e3o de elevadas e homog\u00eaneas coberturas vacinais contra a poliomielite no Brasil \u2013 acima de 95% \u2013 at\u00e9 que a erradica\u00e7\u00e3o global seja alcan\u00e7ada.<\/p>\n<h4 style=\"text-align: justify;\">Doen\u00e7a<\/h4>\n<p style=\"text-align: justify;\">A poliomielite, tamb\u00e9m conhecida como paralisia infantil, \u00e9 uma doen\u00e7a infectocontagiosa viral aguda, caracterizada por um quadro de paralisia fl\u00e1cida de in\u00edcio s\u00fabito.<\/p>\n<p style=\"text-align: justify;\">A transmiss\u00e3o ocorre de pessoa para pessoa, pela via fecal-oral (mais frequente); por objetos, alimentos e \u00e1gua contaminados com fezes de doentes ou portadores; ou pela via oral-oral, atrav\u00e9s de got\u00edculas de secre\u00e7\u00f5es (ao falar, tossir ou espirrar).<\/p>\n<p style=\"text-align: justify;\">N\u00e3o existe tratamento espec\u00edfico \u2013 todas as v\u00edtimas de cont\u00e1gio devem ser hospitalizadas.<\/p>\n<p style=\"text-align: justify;\">A vacina\u00e7\u00e3o \u00e9 a \u00fanica forma de preven\u00e7\u00e3o da poliomielite. Todas as crian\u00e7as menores de 5 anos de idade devem ser imunizadas conforme esquema de rotina e em campanha nacional.<\/p>","protected":false},"excerpt":{"rendered":"<p>Em meio ao aumento de casos&nbsp;de poliomielite identificados na Venezuela, o Minist\u00e9rio da Sa\u00fade informou que a campanha de vacina\u00e7\u00e3o contra a doen\u00e7a no Brasil deve ocorrer de 6 a&nbsp;24 de agosto. Por meio de nota, o minist\u00e9rio informou que, atualmente, a cobertura vacinal no Brasil contra a poliomielite \u00e9 de 77%. Diante de casos<\/p>\n<div class=\"read-more-wrapper\"><a class=\"read-more\" href=\"https:\/\/www2.comunitaria.com.br\/en\/vacinacao-contra-a-polio-comeca-em-6-de-agosto\/\" title=\"Read More\"> <span class=\"button\">Read More<\/span><\/a><\/div>","protected":false},"author":2,"featured_media":32900,"comment_status":"open","ping_status":"closed","sticky":false,"template":"","format":"standard","meta":{"ngg_post_thumbnail":0,"footnotes":""},"categories":[47,33,37],"tags":[1926,3588,1640,716,175,56],"class_list":["post-32899","post","type-post","status-publish","format-standard","has-post-thumbnail","hentry","category-brasil","category-noticias","category-saude","tag-brasil","tag-doenca","tag-poliomielite","tag-prevencao","tag-saude-2","tag-vacinacao"],"amp_enabled":true,"_links":{"self":[{"href":"https:\/\/www2.comunitaria.com.br\/en\/wp-json\/wp\/v2\/posts\/32899","targetHints":{"allow":["GET"]}}],"collection":[{"href":"https:\/\/www2.comunitaria.com.br\/en\/wp-json\/wp\/v2\/posts"}],"about":[{"href":"https:\/\/www2.comunitaria.com.br\/en\/wp-json\/wp\/v2\/types\/post"}],"author":[{"embeddable":true,"href":"https:\/\/www2.comunitaria.com.br\/en\/wp-json\/wp\/v2\/users\/2"}],"replies":[{"embeddable":true,"href":"https:\/\/www2.comunitaria.com.br\/en\/wp-json\/wp\/v2\/comments?post=32899"}],"version-history":[{"count":0,"href":"https:\/\/www2.comunitaria.com.br\/en\/wp-json\/wp\/v2\/posts\/32899\/revisions"}],"wp:featuredmedia":[{"embeddable":true,"href":"https:\/\/www2.comunitaria.com.br\/en\/wp-json\/wp\/v2\/media\/32900"}],"wp:attachment":[{"href":"https:\/\/www2.comunitaria.com.br\/en\/wp-json\/wp\/v2\/media?parent=32899"}],"wp:term":[{"taxonomy":"category","embeddable":true,"href":"https:\/\/www2.comunitaria.com.br\/en\/wp-json\/wp\/v2\/categories?post=32899"},{"taxonomy":"post_tag","embeddable":true,"href":"https:\/\/www2.comunitaria.com.br\/en\/wp-json\/wp\/v2\/tags?post=32899"}],"curies":[{"name":"wp","href":"https:\/\/api.w.org\/{rel}","templated":true}]}}