{"id":32817,"date":"2018-07-17T17:46:29","date_gmt":"2018-07-17T19:46:29","guid":{"rendered":"http:\/\/www2.comunitaria.com.br\/?p=32817"},"modified":"2018-07-17T17:46:29","modified_gmt":"2018-07-17T19:46:29","slug":"defensoria-publica-informa-atencao-com-propagandas-enganosas","status":"publish","type":"post","link":"https:\/\/www2.comunitaria.com.br\/en\/defensoria-publica-informa-atencao-com-propagandas-enganosas\/","title":{"rendered":"Defensoria P\u00fablica Informa: Aten\u00e7\u00e3o com propagandas enganosas"},"content":{"rendered":"<p style=\"text-align: justify;\">A Defensoria P\u00fablica do Estado do Rio Grande do Sul, disponibiliza diariamente informativos que trazem entrevistas, not\u00edcias e orienta\u00e7\u00f5es sobre a atua\u00e7\u00e3o e temas da Defensoria P\u00fablica. Inaugurada em 19 de maio de 2015 e conduzida pela Assessoria de Comunica\u00e7\u00e3o Social, a iniciativa contribui para a divulga\u00e7\u00e3o de informa\u00e7\u00f5es e a amplia\u00e7\u00e3o do conhecimento das pessoas assistidas.&nbsp;&nbsp;<\/p>\n<p style=\"text-align: justify;\">Confira as informa\u00e7\u00f5es desta semana:&nbsp;<\/p>\n<p style=\"text-align: justify;\">Propagandas enganosas:&nbsp;<\/p>\n<p><!--[if lt IE 9]><script>document.createElement('audio');<\/script><![endif]-->\n<audio class=\"wp-audio-shortcode\" id=\"audio-32817-1\" preload=\"none\" style=\"width: 100%;\" controls=\"controls\"><source type=\"audio\/mpeg\" src=\"http:\/\/www2.comunitaria.com.br\/wp-content\/uploads\/2018\/07\/DPE-Informa-17.07.2018-Propagandas-enganosas.mp3?_=1\" \/><a href=\"http:\/\/www2.comunitaria.com.br\/wp-content\/uploads\/2018\/07\/DPE-Informa-17.07.2018-Propagandas-enganosas.mp3\">http:\/\/www2.comunitaria.com.br\/wp-content\/uploads\/2018\/07\/DPE-Informa-17.07.2018-Propagandas-enganosas.mp3<\/a><\/audio><br \/>\nGarantia de equipamentos m\u00e9dicos:&nbsp;<\/p>\n<p><audio class=\"wp-audio-shortcode\" id=\"audio-32817-2\" preload=\"none\" style=\"width: 100%;\" controls=\"controls\"><source type=\"audio\/mpeg\" src=\"http:\/\/www2.comunitaria.com.br\/wp-content\/uploads\/2018\/07\/DPE-Informa-18.07.2018-Garantia-de-equipamentos-m\u00c3\u00a9dicos.mp3?_=2\" \/><a href=\"http:\/\/www2.comunitaria.com.br\/wp-content\/uploads\/2018\/07\/DPE-Informa-18.07.2018-Garantia-de-equipamentos-m\u00c3\u00a9dicos.mp3\">http:\/\/www2.comunitaria.com.br\/wp-content\/uploads\/2018\/07\/DPE-Informa-18.07.2018-Garantia-de-equipamentos-m\u00c3\u00a9dicos.mp3<\/a><\/audio><br \/>\n&nbsp;Estatuto do Idoso:&nbsp;<\/p>\n<audio class=\"wp-audio-shortcode\" id=\"audio-32817-3\" preload=\"none\" style=\"width: 100%;\" controls=\"controls\"><source type=\"audio\/mpeg\" src=\"http:\/\/www2.comunitaria.com.br\/wp-content\/uploads\/2018\/07\/DPE-Informa-19.07.2018-Estatuto-do-Idoso.mp3?_=3\" \/><a href=\"http:\/\/www2.comunitaria.com.br\/wp-content\/uploads\/2018\/07\/DPE-Informa-19.07.2018-Estatuto-do-Idoso.mp3\">http:\/\/www2.comunitaria.com.br\/wp-content\/uploads\/2018\/07\/DPE-Informa-19.07.2018-Estatuto-do-Idoso.mp3<\/a><\/audio>","protected":false},"excerpt":{"rendered":"<p>A Defensoria P\u00fablica do Estado do Rio Grande do Sul, disponibiliza diariamente informativos que trazem entrevistas, not\u00edcias e orienta\u00e7\u00f5es sobre a atua\u00e7\u00e3o e temas da Defensoria P\u00fablica. Inaugurada em 19 de maio de 2015 e conduzida pela Assessoria de Comunica\u00e7\u00e3o Social, a iniciativa contribui para a divulga\u00e7\u00e3o de informa\u00e7\u00f5es e a amplia\u00e7\u00e3o do conhecimento das<\/p>\n<div class=\"read-more-wrapper\"><a class=\"read-more\" href=\"https:\/\/www2.comunitaria.com.br\/en\/defensoria-publica-informa-atencao-com-propagandas-enganosas\/\" title=\"Read More\"> <span class=\"button\">Read More<\/span><\/a><\/div>","protected":false},"author":2,"featured_media":32821,"comment_status":"open","ping_status":"closed","sticky":false,"template":"","format":"standard","meta":{"ngg_post_thumbnail":0,"footnotes":""},"categories":[51,33],"tags":[4076,4077],"class_list":["post-32817","post","type-post","status-publish","format-standard","has-post-thumbnail","hentry","category-audio","category-noticias","tag-defensoria","tag-informativo"],"amp_enabled":true,"_links":{"self":[{"href":"https:\/\/www2.comunitaria.com.br\/en\/wp-json\/wp\/v2\/posts\/32817","targetHints":{"allow":["GET"]}}],"collection":[{"href":"https:\/\/www2.comunitaria.com.br\/en\/wp-json\/wp\/v2\/posts"}],"about":[{"href":"https:\/\/www2.comunitaria.com.br\/en\/wp-json\/wp\/v2\/types\/post"}],"author":[{"embeddable":true,"href":"https:\/\/www2.comunitaria.com.br\/en\/wp-json\/wp\/v2\/users\/2"}],"replies":[{"embeddable":true,"href":"https:\/\/www2.comunitaria.com.br\/en\/wp-json\/wp\/v2\/comments?post=32817"}],"version-history":[{"count":0,"href":"https:\/\/www2.comunitaria.com.br\/en\/wp-json\/wp\/v2\/posts\/32817\/revisions"}],"wp:featuredmedia":[{"embeddable":true,"href":"https:\/\/www2.comunitaria.com.br\/en\/wp-json\/wp\/v2\/media\/32821"}],"wp:attachment":[{"href":"https:\/\/www2.comunitaria.com.br\/en\/wp-json\/wp\/v2\/media?parent=32817"}],"wp:term":[{"taxonomy":"category","embeddable":true,"href":"https:\/\/www2.comunitaria.com.br\/en\/wp-json\/wp\/v2\/categories?post=32817"},{"taxonomy":"post_tag","embeddable":true,"href":"https:\/\/www2.comunitaria.com.br\/en\/wp-json\/wp\/v2\/tags?post=32817"}],"curies":[{"name":"wp","href":"https:\/\/api.w.org\/{rel}","templated":true}]}}