{"id":32798,"date":"2018-07-16T10:28:13","date_gmt":"2018-07-16T12:28:13","guid":{"rendered":"http:\/\/www2.comunitaria.com.br\/?p=32798"},"modified":"2018-07-16T10:29:30","modified_gmt":"2018-07-16T12:29:30","slug":"consulta-a-cota-do-pis-esta-disponivel-a-partir-desta-segunda-feira","status":"publish","type":"post","link":"https:\/\/www2.comunitaria.com.br\/en\/consulta-a-cota-do-pis-esta-disponivel-a-partir-desta-segunda-feira\/","title":{"rendered":"Consulta \u00e0 cota do PIS est\u00e1 dispon\u00edvel a partir desta segunda-feira"},"content":{"rendered":"<p style=\"text-align: justify;\">A partir desta segunda-feira, 16, os cotistas do PIS\/Pasep podem consultar os saldos de suas contas j\u00e1 com a corre\u00e7\u00e3o anual de 8,9741%. A atualiza\u00e7\u00e3o monet\u00e1ria \u00e9 aplicada sempre em julho. As retiradas est\u00e3o temporariamente suspensas at\u00e9 o fim do m\u00eas, mas, em agosto, quando os saques forem retomados, o dinheiro j\u00e1 vir\u00e1 corrigido.<\/p>\n<p style=\"text-align: justify;\">Recentemente, o governo federal liberou o resgate do dinheiro para quem tem menos de 60 anos e trabalhou no per\u00edodo de 1971 a 1988. At\u00e9 ent\u00e3o, essas pessoas sacavam apenas os rendimentos anual. Agora, podem retirar tudo.<\/p>\n<p style=\"text-align: justify;\">Os trabalhadores da iniciativa privada que quiserem saber se t\u00eam algo a receber das cotas do PIS devem fazer a consulta pelo site www.caixa.gov.br\/cotaspis. No caso dos servidores p\u00fablicos, que fazem jus ao Pasep, a verifica\u00e7\u00e3o pode ser feita pela p\u00e1gina www.bb.com.br\/pasep.<\/p>\n<p style=\"text-align: justify;\">As pessoas entre 57 e 59 anos que t\u00eam o direito de retirar as cotas do PIS\/Pasep, mas n\u00e3o fizeram o saque at\u00e9 29 de junho, ainda poder\u00e3o resgatar o saldo a partir de agosto. A retirada para esse grupo ser\u00e1 permitida juntamente com o saque autorizado para os demais cotistas de todas as idades. Para este \u00faltimo grupo, os resgates come\u00e7ar\u00e3o no m\u00eas que vem.<\/p>\n<p style=\"text-align: justify;\">O prazo de saque para todos os grupos se encerrar\u00e1 em 28 de setembro. Depois desta data, apenas aqueles como mais de 60 poder\u00e3o retirar o dinheiro.<\/p>\n<p style=\"text-align: justify;\"><strong>Calend\u00e1rio da Caixa Econ\u00f4mica Federal<\/strong><\/p>\n<p style=\"text-align: justify;\">Em julho, n\u00e3o haver\u00e1 nenhum pagamento nas ag\u00eancias da Caixa. Todo o processo de libera\u00e7\u00e3o das cotas estar\u00e1 suspenso.&nbsp;No dia 8 de agosto, o banco vai creditar os recursos apenas para os clientes de todas as idades que t\u00eam contas no banco. Estes nem precisar\u00e3o procurar uma ag\u00eancia. O dep\u00f3sito ser\u00e1 autom\u00e1tico.&nbsp;De 14 de agosto a 28 de setembro, o banco vai atender os benefici\u00e1rios de todas as idades em suas ag\u00eancias, incluindo o grupo remanescente de 57 a 59 anos.&nbsp;Cotistas que j\u00e1 t\u00eam 60 anos ou mais n\u00e3o precisam respeitar este calend\u00e1rio, pois o saque j\u00e1 \u00e9 permitido hoje.<\/p>\n<p style=\"text-align: justify;\"><strong>Para retirar o dinheiro na CEF<\/strong><\/p>\n<p style=\"text-align: justify;\">Para valores at\u00e9 R$ 1.500, as retiradas podem ser feitas nos terminais de autoatendimento, apenas com a Senha Cidad\u00e3o, sem a necessidade do Cart\u00e3o Cidad\u00e3o.&nbsp;Se preferir retirar o dinheiro numa casa lot\u00e9rica ou num correspondente Caixa Aqui, \u00e9 preciso ter o Cart\u00e3o Cidad\u00e3o, al\u00e9m de um documento oficial de identidade com foto.&nbsp;<\/p>\n<p style=\"text-align: justify;\">Os saques de at\u00e9 R$ 3 mil podem ser feitos nos terminais do banco, nas lot\u00e9ricas ou nos correspondentes, desde que os interessados tenham o Cart\u00e3o Cidad\u00e3o, com senha cadastrada, e levem um documento com foto.&nbsp;Os valores acima de R$ 3 mil devem ser sacados nas ag\u00eancias, mediante a apresenta\u00e7\u00e3o de um documento com foto.<\/p>\n<p style=\"text-align: justify;\"><strong>Cronograma no Banco do Brasil<\/strong><\/p>\n<p style=\"text-align: justify;\">Em julho, os pagamentos ser\u00e3o suspensos. Em agosto, o banco iniciar\u00e1 a segunda fase de pagamentos, incluindo todos os servidores p\u00fablicos cotistas que trabalharam naquele per\u00edodo de 1971 a 1988, independentemente de idade. Eles poder\u00e3o sacar os recursos diretamente nas ag\u00eancias.<\/p>\n<p style=\"text-align: justify;\">No dia 8 de agosto, especificamente, a institui\u00e7\u00e3o far\u00e1 o pagamento daqueles que t\u00eam conta no banco. O dep\u00f3sito ser\u00e1 autom\u00e1tico, sem a necessidade de ir a uma ag\u00eancia.<\/p>\n<p style=\"text-align: justify;\"><strong>Como sacar o dinheiro no BB<\/strong><\/p>\n<p style=\"text-align: justify;\">Se o cotista n\u00e3o for correntista ou poupador do BB e tiver um saldo de at\u00e9 R$ 2.500, o banco permite a transfer\u00eancia de suas cotas via TED, para uma conta de sua titularidade em outro banco, sem custo.&nbsp;Para os demais, os saques podem ser feito nas ag\u00eancias do banco, mediante a apresenta\u00e7\u00e3o de um documento de identidade.<\/p>","protected":false},"excerpt":{"rendered":"<p>A partir desta segunda-feira, 16, os cotistas do PIS\/Pasep podem consultar os saldos de suas contas j\u00e1 com a corre\u00e7\u00e3o anual de 8,9741%. A atualiza\u00e7\u00e3o monet\u00e1ria \u00e9 aplicada sempre em&#8230;<\/p>","protected":false},"author":2,"featured_media":32799,"comment_status":"open","ping_status":"closed","sticky":false,"template":"","format":"standard","meta":{"ngg_post_thumbnail":0,"footnotes":""},"categories":[47,39,33],"tags":[1062,384,1292,3356,461,3415],"class_list":["post-32798","post","type-post","status-publish","format-standard","has-post-thumbnail","hentry","category-brasil","category-economia","category-noticias","tag-contas","tag-economia-2","tag-pis","tag-pis-pasep","tag-saldo","tag-saque"],"amp_enabled":true,"_links":{"self":[{"href":"https:\/\/www2.comunitaria.com.br\/en\/wp-json\/wp\/v2\/posts\/32798","targetHints":{"allow":["GET"]}}],"collection":[{"href":"https:\/\/www2.comunitaria.com.br\/en\/wp-json\/wp\/v2\/posts"}],"about":[{"href":"https:\/\/www2.comunitaria.com.br\/en\/wp-json\/wp\/v2\/types\/post"}],"author":[{"embeddable":true,"href":"https:\/\/www2.comunitaria.com.br\/en\/wp-json\/wp\/v2\/users\/2"}],"replies":[{"embeddable":true,"href":"https:\/\/www2.comunitaria.com.br\/en\/wp-json\/wp\/v2\/comments?post=32798"}],"version-history":[{"count":0,"href":"https:\/\/www2.comunitaria.com.br\/en\/wp-json\/wp\/v2\/posts\/32798\/revisions"}],"wp:featuredmedia":[{"embeddable":true,"href":"https:\/\/www2.comunitaria.com.br\/en\/wp-json\/wp\/v2\/media\/32799"}],"wp:attachment":[{"href":"https:\/\/www2.comunitaria.com.br\/en\/wp-json\/wp\/v2\/media?parent=32798"}],"wp:term":[{"taxonomy":"category","embeddable":true,"href":"https:\/\/www2.comunitaria.com.br\/en\/wp-json\/wp\/v2\/categories?post=32798"},{"taxonomy":"post_tag","embeddable":true,"href":"https:\/\/www2.comunitaria.com.br\/en\/wp-json\/wp\/v2\/tags?post=32798"}],"curies":[{"name":"wp","href":"https:\/\/api.w.org\/{rel}","templated":true}]}}