{"id":3279,"date":"2015-04-16T09:51:50","date_gmt":"2015-04-16T11:51:50","guid":{"rendered":"http:\/\/www2.comunitaria.com.br\/?p=3279"},"modified":"2015-04-16T09:51:50","modified_gmt":"2015-04-16T11:51:50","slug":"ufsm-abre-inscricoes-para-concurso-com-65-vagas","status":"publish","type":"post","link":"https:\/\/www2.comunitaria.com.br\/en\/ufsm-abre-inscricoes-para-concurso-com-65-vagas\/","title":{"rendered":"UFSM abre inscri\u00e7\u00f5es para concurso com 65 vagas"},"content":{"rendered":"<p style=\"text-align: justify;\">A Pr\u00f3-Reitoria de Gest\u00e3o de Pessoas publicou nesta quarta-feira (15) o seu\u00a0<a href=\"http:\/\/site.ufsm.br\/arquivos\/uploaded\/editais\/b1f9643d-5234-456f-9cf1-c18ecf173bde.pdf\" target=\"_blank\">edital N\u00b0 008\/2015<\/a>, que disponibiliza 65 vagas para servidores t\u00e9cnico-administrativos na UFSM. Divididas entre 21 cargos, as vagas est\u00e3o distribu\u00eddas em quatro campi da institui\u00e7\u00e3o, nos munic\u00edpios de Santa Maria, Cachoeira do Sul, Frederico Westphalen e Silveira Martins \u2013 h\u00e1 ainda duas vagas para a cidade de S\u00e3o Jo\u00e3o do Pol\u00easine, onde a universidade disp\u00f5e do Centro de Apoio \u00e0 Pesquisa Paleontol\u00f3gica (Cappa).<\/p>\n<p style=\"text-align: justify;\">O per\u00edodo de inscri\u00e7\u00f5es estar\u00e1 aberto da pr\u00f3xima segunda-feira (20) at\u00e9 o dia 11 de maio, podendo ser realizadas na p\u00e1gina\u00a0<a href=\"http:\/\/www.ufsm.br\/concurso\" target=\"_blank\">www.ufsm.br\/concurso<\/a>. O processo seletivo consiste em prova objetiva, que ser\u00e1 aplicada no dia 12 de julho, em Santa Maria. Dependendo do cargo ao qual v\u00e3o concorrer, os candidatos tamb\u00e9m prestar\u00e3o prova pr\u00e1tica.<\/p>\n<p style=\"text-align: justify;\"><strong>Cargos com vagas abertas:<\/strong><\/p>\n<p style=\"text-align: justify;\"><strong>Em Cachoeira do Sul<\/strong><\/p>\n<p style=\"text-align: justify;\">&#8211; Assistente em Administra\u00e7\u00e3o<\/p>\n<p style=\"text-align: justify;\">&#8211; T\u00e9cnico de Laborat\u00f3rio\/F\u00edsica<\/p>\n<p style=\"text-align: justify;\">&#8211; T\u00e9cnico em Eletromec\u00e2nica<\/p>\n<p style=\"text-align: justify;\">&#8211; T\u00e9cnico em Mec\u00e2nica<\/p>\n<p style=\"text-align: justify;\"><strong>Em Frederico Westphalen<\/strong><\/p>\n<p style=\"text-align: justify;\">&#8211; T\u00e9cnico em Assuntos Educacionais<\/p>\n<p style=\"text-align: justify;\">&#8211; Assistente em Administra\u00e7\u00e3o<\/p>\n<p style=\"text-align: justify;\">&#8211; T\u00e9cnico de Laborat\u00f3rio\/Biologia<\/p>\n<p style=\"text-align: justify;\">&#8211; T\u00e9cnico em Audiovisual<\/p>\n<p style=\"text-align: justify;\">&#8211; Sonoplasta<\/p>\n<p style=\"text-align: justify;\"><strong>Em Santa Maria<\/strong><\/p>\n<p style=\"text-align: justify;\">&#8211; Administrador<\/p>\n<p style=\"text-align: justify;\">&#8211; Nutricionista<\/p>\n<p style=\"text-align: justify;\">&#8211; Psic\u00f3logo<\/p>\n<p style=\"text-align: justify;\">&#8211; Rela\u00e7\u00f5es P\u00fablicas<\/p>\n<p style=\"text-align: justify;\">&#8211; T\u00e9cnico em Assuntos Educacionais<\/p>\n<p style=\"text-align: justify;\">&#8211; Assistente em Administra\u00e7\u00e3o<\/p>\n<p style=\"text-align: justify;\">&#8211; T\u00e9cnico de Laborat\u00f3rio\/An\u00e1lises Cl\u00ednicas<\/p>\n<p style=\"text-align: justify;\">&#8211; T\u00e9cnico de Laborat\u00f3rio\/F\u00edsica<\/p>\n<p style=\"text-align: justify;\">&#8211; T\u00e9cnico de Laborat\u00f3rio\/Histologia<\/p>\n<p style=\"text-align: justify;\">&#8211; T\u00e9cnico em Anatomia e Necropsia<\/p>\n<p style=\"text-align: justify;\">&#8211; T\u00e9cnico em Artes Gr\u00e1ficas<\/p>\n<p style=\"text-align: justify;\">&#8211; T\u00e9cnico em Contabilidade<\/p>\n<p style=\"text-align: justify;\">&#8211; T\u00e9cnico em Eletromec\u00e2nica<\/p>\n<p style=\"text-align: justify;\">&#8211; T\u00e9cnico em Eletrot\u00e9cnica<\/p>\n<p style=\"text-align: justify;\">&#8211; T\u00e9cnico em Mec\u00e2nica<\/p>\n<p style=\"text-align: justify;\">&#8211; Assistente de Laborat\u00f3rio<\/p>\n<p style=\"text-align: justify;\">&#8211; Auxiliar de Sa\u00fade<\/p>\n<p style=\"text-align: justify;\"><strong>Em S\u00e3o Jo\u00e3o<\/strong><strong> do Pol\u00easine<\/strong><\/p>\n<p style=\"text-align: justify;\">&#8211; Assistente em Administra\u00e7\u00e3o<\/p>\n<p style=\"text-align: justify;\">&#8211; T\u00e9cnico de Laborat\u00f3rio\/Biologia (Paleontologia)<\/p>\n<p style=\"text-align: justify;\"><strong>Em Silveira Martins<\/strong><\/p>\n<p style=\"text-align: justify;\">&#8211; Administrador<\/p>","protected":false},"excerpt":{"rendered":"<p>A Pr\u00f3-Reitoria de Gest\u00e3o de Pessoas publicou nesta quarta-feira (15) o seu\u00a0edital N\u00b0 008\/2015, que disponibiliza 65 vagas para servidores t\u00e9cnico-administrativos na UFSM. Divididas entre 21 cargos, as vagas est\u00e3o&#8230;<\/p>","protected":false},"author":2,"featured_media":3280,"comment_status":"open","ping_status":"closed","sticky":false,"template":"","format":"standard","meta":{"ngg_post_thumbnail":0,"footnotes":""},"categories":[44,42,28,33],"tags":[148],"class_list":["post-3279","post","type-post","status-publish","format-standard","has-post-thumbnail","hentry","category-educacao","category-fred-west","category-destaque","category-noticias","tag-ufsm"],"amp_enabled":true,"_links":{"self":[{"href":"https:\/\/www2.comunitaria.com.br\/en\/wp-json\/wp\/v2\/posts\/3279","targetHints":{"allow":["GET"]}}],"collection":[{"href":"https:\/\/www2.comunitaria.com.br\/en\/wp-json\/wp\/v2\/posts"}],"about":[{"href":"https:\/\/www2.comunitaria.com.br\/en\/wp-json\/wp\/v2\/types\/post"}],"author":[{"embeddable":true,"href":"https:\/\/www2.comunitaria.com.br\/en\/wp-json\/wp\/v2\/users\/2"}],"replies":[{"embeddable":true,"href":"https:\/\/www2.comunitaria.com.br\/en\/wp-json\/wp\/v2\/comments?post=3279"}],"version-history":[{"count":0,"href":"https:\/\/www2.comunitaria.com.br\/en\/wp-json\/wp\/v2\/posts\/3279\/revisions"}],"wp:featuredmedia":[{"embeddable":true,"href":"https:\/\/www2.comunitaria.com.br\/en\/wp-json\/wp\/v2\/media\/3280"}],"wp:attachment":[{"href":"https:\/\/www2.comunitaria.com.br\/en\/wp-json\/wp\/v2\/media?parent=3279"}],"wp:term":[{"taxonomy":"category","embeddable":true,"href":"https:\/\/www2.comunitaria.com.br\/en\/wp-json\/wp\/v2\/categories?post=3279"},{"taxonomy":"post_tag","embeddable":true,"href":"https:\/\/www2.comunitaria.com.br\/en\/wp-json\/wp\/v2\/tags?post=3279"}],"curies":[{"name":"wp","href":"https:\/\/api.w.org\/{rel}","templated":true}]}}