{"id":32758,"date":"2014-11-20T13:47:35","date_gmt":"2014-11-20T15:47:35","guid":{"rendered":"http:\/\/www2.comunitaria.com.br\/?p=32758"},"modified":"2018-07-09T23:12:06","modified_gmt":"2018-07-10T01:12:06","slug":"caravana-cultura-e-arte-no-meu-bairro-acontece-hoje-no-sao-jose","status":"publish","type":"post","link":"https:\/\/www2.comunitaria.com.br\/en\/caravana-cultura-e-arte-no-meu-bairro-acontece-hoje-no-sao-jose\/","title":{"rendered":"&#8220;Caravana Cultura e Arte no Meu Bairro&#8221; acontece hoje no S\u00e3o Jos\u00e9"},"content":{"rendered":"<p style=\"text-align: justify;\">Acontece a partir das 18h desta quinta-feira, 20, o \u00faltimo evento do projeto &#8220;Caravana Cultura e Arte no Meu Bairro&#8221;, que levar\u00e1 ao S\u00e3o Jos\u00e9 atividades culturais de forma gratuita para toda a comunidade. O evento ser\u00e1 realizado na EMEF Maria Falcon.&nbsp;<\/p>\n<p style=\"text-align: justify;\">As atividades desenvolvidas desde 1\u00ba de maio j\u00e1 envolveram diversas pessoas com a\u00e7\u00f5es inteiramente gratuitas, passando por quatro localidades e ofertando uma programa\u00e7\u00e3o diversificada. Confira o que ter\u00e1 na noite de hoje:&nbsp;<\/p>\n<p style=\"text-align: justify;\">18h: Espet\u00e1culo Musical \u2013 Sons da Minha Comunidade<\/p>\n<p style=\"text-align: justify;\">19h30: Espet\u00e1culo de Dan\u00e7a \u2013 A Rua \u00e9 o nosso palco<\/p>\n<p style=\"text-align: justify;\">21h: Exibi\u00e7\u00e3o Cinematogr\u00e1fica \u2013 Curta 1<\/p>\n<p style=\"text-align: justify;\">21h30: Di\u00e1logo com a Comunidade &#8211; Pronunciamentos<\/p>\n<p style=\"text-align: justify;\">22h: Exibi\u00e7\u00e3o Cinematogr\u00e1fica \u2013 Curta 2<\/p>\n<p style=\"text-align: justify;\">O projeto \u201cCaravana Cultura e Arte no meu Bairro\u201d foi uma realiza\u00e7\u00e3o da CUFA\/FW. Conta com patroc\u00ednio de Arbaza Alimentos. Financiamento via Pr\u00f3-Cultura RS, Secretaria de Estado da Cultura. Governo do Estado do Rio Grande do Sul.<\/p>","protected":false},"excerpt":{"rendered":"<p>Acontece a partir das 18h desta quinta-feira, 20, o \u00faltimo evento do projeto &#8220;Caravana Cultura e Arte no Meu Bairro&#8221;, que levar\u00e1 ao S\u00e3o Jos\u00e9 atividades culturais de forma gratuita&#8230;<\/p>","protected":false},"author":2,"featured_media":32759,"comment_status":"open","ping_status":"closed","sticky":false,"template":"","format":"standard","meta":{"ngg_post_thumbnail":0,"footnotes":""},"categories":[3593,44,42,100,33,35],"tags":[1523,4069,204,1159,1165],"class_list":["post-32758","post","type-post","status-publish","format-standard","has-post-thumbnail","hentry","category-cultura","category-educacao","category-fred-west","category-musica","category-noticias","category-variedades","tag-acao","tag-caravana-cultura-e-arte-no-meu-bairro","tag-cufa","tag-musica","tag-variedades"],"amp_enabled":true,"_links":{"self":[{"href":"https:\/\/www2.comunitaria.com.br\/en\/wp-json\/wp\/v2\/posts\/32758","targetHints":{"allow":["GET"]}}],"collection":[{"href":"https:\/\/www2.comunitaria.com.br\/en\/wp-json\/wp\/v2\/posts"}],"about":[{"href":"https:\/\/www2.comunitaria.com.br\/en\/wp-json\/wp\/v2\/types\/post"}],"author":[{"embeddable":true,"href":"https:\/\/www2.comunitaria.com.br\/en\/wp-json\/wp\/v2\/users\/2"}],"replies":[{"embeddable":true,"href":"https:\/\/www2.comunitaria.com.br\/en\/wp-json\/wp\/v2\/comments?post=32758"}],"version-history":[{"count":0,"href":"https:\/\/www2.comunitaria.com.br\/en\/wp-json\/wp\/v2\/posts\/32758\/revisions"}],"wp:featuredmedia":[{"embeddable":true,"href":"https:\/\/www2.comunitaria.com.br\/en\/wp-json\/wp\/v2\/media\/32759"}],"wp:attachment":[{"href":"https:\/\/www2.comunitaria.com.br\/en\/wp-json\/wp\/v2\/media?parent=32758"}],"wp:term":[{"taxonomy":"category","embeddable":true,"href":"https:\/\/www2.comunitaria.com.br\/en\/wp-json\/wp\/v2\/categories?post=32758"},{"taxonomy":"post_tag","embeddable":true,"href":"https:\/\/www2.comunitaria.com.br\/en\/wp-json\/wp\/v2\/tags?post=32758"}],"curies":[{"name":"wp","href":"https:\/\/api.w.org\/{rel}","templated":true}]}}