{"id":32752,"date":"2014-11-21T15:03:58","date_gmt":"2014-11-21T17:03:58","guid":{"rendered":"http:\/\/www2.comunitaria.com.br\/?p=32752"},"modified":"2018-07-10T14:05:02","modified_gmt":"2018-07-10T16:05:02","slug":"projeto-caravana-cultura-e-arte-no-meu-bairro-termina-no-bairro-sao-jose","status":"publish","type":"post","link":"https:\/\/www2.comunitaria.com.br\/en\/projeto-caravana-cultura-e-arte-no-meu-bairro-termina-no-bairro-sao-jose\/","title":{"rendered":"Projeto &#8220;Caravana Cultura e Arte no Meu Bairro&#8221; termina no Bairro S\u00e3o Jos\u00e9"},"content":{"rendered":"<p style=\"text-align: justify;\">Ap\u00f3s passar pelos bairros Jardim Primavera, Aparecida, Santo Ant\u00f4nio e S\u00e3o Francisco de Paula, levando atividades culturais de forma gratuita para toda a comunidade, a noite da \u00faltima quinta-feira, 20, marcou o encerramento do projeto \u201cCaravana Cultura e Arte no meu Bairro\u201d, <a href=\"http:\/\/www2.comunitaria.com.br\/en\/projeto-caravana-cultura-e-arte-no-meu-bairro-termina-no-bairro-sao-jose\/thumbnail_dsc_0172\/\" rel=\"attachment wp-att-32769\"><img loading=\"lazy\" decoding=\"async\" class=\"alignright  wp-image-32769\" src=\"http:\/\/www2.comunitaria.com.br\/wp-content\/uploads\/2014\/11\/thumbnail_DSC_0172.jpg\" alt=\"\" width=\"320\" height=\"213\" srcset=\"https:\/\/www2.comunitaria.com.br\/wp-content\/uploads\/2014\/11\/thumbnail_DSC_0172.jpg 1280w, https:\/\/www2.comunitaria.com.br\/wp-content\/uploads\/2014\/11\/thumbnail_DSC_0172-300x200.jpg 300w, https:\/\/www2.comunitaria.com.br\/wp-content\/uploads\/2014\/11\/thumbnail_DSC_0172-768x512.jpg 768w, https:\/\/www2.comunitaria.com.br\/wp-content\/uploads\/2014\/11\/thumbnail_DSC_0172-1024x682.jpg 1024w\" sizes=\"auto, (max-width: 320px) 100vw, 320px\" \/><\/a>no bairro S\u00e3o Jos\u00e9, onde ocorreram as atividades: espet\u00e1culo musical \u201cSons da minha comunidade\u201d, espet\u00e1culo de dan\u00e7a \u201cA Rua \u00e9 o nosso palco\u201d, exibi\u00e7\u00e3o cinematogr\u00e1fica e di\u00e1logo com a comunidade. De forma gratuita, a programa\u00e7\u00e3o teve in\u00edcio \u00e0s 18h e estendeu-se durante a noite, no Gin\u00e1sio da EMEF Maria Falcon.<\/p>\n<p style=\"text-align: justify;\">As atividades propostas pelo projeto foram respons\u00e1veis por envolver milhares de pessoas com atividades inteiramente gratuitas, passando por 5 localidades e ofertando uma programa\u00e7\u00e3o diversificada.<\/p>\n<p style=\"text-align: justify;\">O projeto \u201cCaravana Cultura e Arte no meu Bairro\u201d foi uma realiza\u00e7\u00e3o da CUFA\/FW. Conta com patroc\u00ednio de Arbaza Alimentos. Financiamento via Pr\u00f3-Cultura RS, Secretaria de Estado da Cultura. Governo do Estado do Rio Grande do Sul. &nbsp;&nbsp;<\/p>\n\n\t\t<style>\n\t\t\t#gallery-1 {\n\t\t\t\tmargin: auto;\n\t\t\t}\n\t\t\t#gallery-1 .gallery-item {\n\t\t\t\tfloat: left;\n\t\t\t\tmargin-top: 10px;\n\t\t\t\ttext-align: center;\n\t\t\t\twidth: 33%;\n\t\t\t}\n\t\t\t#gallery-1 img {\n\t\t\t\tborder: 2px solid #cfcfcf;\n\t\t\t}\n\t\t\t#gallery-1 .gallery-caption {\n\t\t\t\tmargin-left: 0;\n\t\t\t}\n\t\t\t\/* see gallery_shortcode() in wp-includes\/media.php *\/\n\t\t<\/style>\n\t\t<div id='gallery-1' class='gallery galleryid-32752 gallery-columns-3 gallery-size-thumbnail'><dl class='gallery-item'>\n\t\t\t<dt class='gallery-icon landscape'>\n\t\t\t\t<a href='https:\/\/www2.comunitaria.com.br\/en\/projeto-caravana-cultura-e-arte-no-meu-bairro-termina-no-bairro-sao-jose\/foto-taekwondo\/'><img loading=\"lazy\" decoding=\"async\" width=\"150\" height=\"150\" src=\"https:\/\/www2.comunitaria.com.br\/wp-content\/uploads\/2018\/07\/foto-taekwondo-150x150.jpg\" class=\"attachment-thumbnail size-thumbnail\" alt=\"\" srcset=\"https:\/\/www2.comunitaria.com.br\/wp-content\/uploads\/2018\/07\/foto-taekwondo-150x150.jpg 150w, https:\/\/www2.comunitaria.com.br\/wp-content\/uploads\/2018\/07\/foto-taekwondo-65x65.jpg 65w\" sizes=\"auto, (max-width: 150px) 100vw, 150px\" \/><\/a>\n\t\t\t<\/dt><\/dl><dl class='gallery-item'>\n\t\t\t<dt class='gallery-icon landscape'>\n\t\t\t\t<a href='https:\/\/www2.comunitaria.com.br\/en\/projeto-caravana-cultura-e-arte-no-meu-bairro-termina-no-bairro-sao-jose\/apresentacao-2\/'><img loading=\"lazy\" decoding=\"async\" width=\"150\" height=\"150\" src=\"https:\/\/www2.comunitaria.com.br\/wp-content\/uploads\/2018\/07\/apresenta\u00e7\u00e3o-2-150x150.jpg\" class=\"attachment-thumbnail size-thumbnail\" alt=\"\" srcset=\"https:\/\/www2.comunitaria.com.br\/wp-content\/uploads\/2018\/07\/apresenta\u00e7\u00e3o-2-150x150.jpg 150w, https:\/\/www2.comunitaria.com.br\/wp-content\/uploads\/2018\/07\/apresenta\u00e7\u00e3o-2-65x65.jpg 65w\" sizes=\"auto, (max-width: 150px) 100vw, 150px\" \/><\/a>\n\t\t\t<\/dt><\/dl><dl class='gallery-item'>\n\t\t\t<dt class='gallery-icon landscape'>\n\t\t\t\t<a href='https:\/\/www2.comunitaria.com.br\/en\/projeto-caravana-cultura-e-arte-no-meu-bairro-termina-no-bairro-sao-jose\/cinema-sao-jose\/'><img loading=\"lazy\" decoding=\"async\" width=\"150\" height=\"150\" src=\"https:\/\/www2.comunitaria.com.br\/wp-content\/uploads\/2018\/07\/cinema-s\u00e3o-jos\u00e9-150x150.jpg\" class=\"attachment-thumbnail size-thumbnail\" alt=\"\" srcset=\"https:\/\/www2.comunitaria.com.br\/wp-content\/uploads\/2018\/07\/cinema-s\u00e3o-jos\u00e9-150x150.jpg 150w, https:\/\/www2.comunitaria.com.br\/wp-content\/uploads\/2018\/07\/cinema-s\u00e3o-jos\u00e9-65x65.jpg 65w\" sizes=\"auto, (max-width: 150px) 100vw, 150px\" \/><\/a>\n\t\t\t<\/dt><\/dl><br style=\"clear: both\" \/><dl class='gallery-item'>\n\t\t\t<dt class='gallery-icon landscape'>\n\t\t\t\t<a href='https:\/\/www2.comunitaria.com.br\/en\/projeto-caravana-cultura-e-arte-no-meu-bairro-termina-no-bairro-sao-jose\/foto-1-14\/'><img loading=\"lazy\" decoding=\"async\" width=\"150\" height=\"150\" src=\"https:\/\/www2.comunitaria.com.br\/wp-content\/uploads\/2018\/07\/foto-1-150x150.jpg\" class=\"attachment-thumbnail size-thumbnail\" alt=\"\" srcset=\"https:\/\/www2.comunitaria.com.br\/wp-content\/uploads\/2018\/07\/foto-1-150x150.jpg 150w, https:\/\/www2.comunitaria.com.br\/wp-content\/uploads\/2018\/07\/foto-1-65x65.jpg 65w\" sizes=\"auto, (max-width: 150px) 100vw, 150px\" \/><\/a>\n\t\t\t<\/dt><\/dl><dl class='gallery-item'>\n\t\t\t<dt class='gallery-icon landscape'>\n\t\t\t\t<a href='https:\/\/www2.comunitaria.com.br\/en\/projeto-caravana-cultura-e-arte-no-meu-bairro-termina-no-bairro-sao-jose\/foto-apresentacao\/'><img loading=\"lazy\" decoding=\"async\" width=\"150\" height=\"150\" src=\"https:\/\/www2.comunitaria.com.br\/wp-content\/uploads\/2018\/07\/foto-apresenta\u00e7\u00e3o-150x150.jpg\" class=\"attachment-thumbnail size-thumbnail\" alt=\"\" srcset=\"https:\/\/www2.comunitaria.com.br\/wp-content\/uploads\/2018\/07\/foto-apresenta\u00e7\u00e3o-150x150.jpg 150w, https:\/\/www2.comunitaria.com.br\/wp-content\/uploads\/2018\/07\/foto-apresenta\u00e7\u00e3o-65x65.jpg 65w\" sizes=\"auto, (max-width: 150px) 100vw, 150px\" \/><\/a>\n\t\t\t<\/dt><\/dl>\n\t\t\t<br style='clear: both' \/>\n\t\t<\/div>\n\n<p>20<\/p>","protected":false},"excerpt":{"rendered":"<p>Ap\u00f3s passar pelos bairros Jardim Primavera, Aparecida, Santo Ant\u00f4nio e S\u00e3o Francisco de Paula, levando atividades culturais de forma gratuita para toda a comunidade, a noite da \u00faltima quinta-feira, 20,&#8230;<\/p>","protected":false},"author":2,"featured_media":32757,"comment_status":"open","ping_status":"closed","sticky":false,"template":"","format":"standard","meta":{"ngg_post_thumbnail":0,"footnotes":""},"categories":[3593,44,46,42,100,33,35],"tags":[4069,1150,204,1001,1348,288,117,1165],"class_list":["post-32752","post","type-post","status-publish","format-standard","has-post-thumbnail","hentry","category-cultura","category-educacao","category-estado","category-fred-west","category-musica","category-noticias","category-variedades","tag-caravana-cultura-e-arte-no-meu-bairro","tag-cinema","tag-cufa","tag-cultura","tag-evento","tag-programacao","tag-projeto","tag-variedades"],"amp_enabled":true,"_links":{"self":[{"href":"https:\/\/www2.comunitaria.com.br\/en\/wp-json\/wp\/v2\/posts\/32752","targetHints":{"allow":["GET"]}}],"collection":[{"href":"https:\/\/www2.comunitaria.com.br\/en\/wp-json\/wp\/v2\/posts"}],"about":[{"href":"https:\/\/www2.comunitaria.com.br\/en\/wp-json\/wp\/v2\/types\/post"}],"author":[{"embeddable":true,"href":"https:\/\/www2.comunitaria.com.br\/en\/wp-json\/wp\/v2\/users\/2"}],"replies":[{"embeddable":true,"href":"https:\/\/www2.comunitaria.com.br\/en\/wp-json\/wp\/v2\/comments?post=32752"}],"version-history":[{"count":0,"href":"https:\/\/www2.comunitaria.com.br\/en\/wp-json\/wp\/v2\/posts\/32752\/revisions"}],"wp:featuredmedia":[{"embeddable":true,"href":"https:\/\/www2.comunitaria.com.br\/en\/wp-json\/wp\/v2\/media\/32757"}],"wp:attachment":[{"href":"https:\/\/www2.comunitaria.com.br\/en\/wp-json\/wp\/v2\/media?parent=32752"}],"wp:term":[{"taxonomy":"category","embeddable":true,"href":"https:\/\/www2.comunitaria.com.br\/en\/wp-json\/wp\/v2\/categories?post=32752"},{"taxonomy":"post_tag","embeddable":true,"href":"https:\/\/www2.comunitaria.com.br\/en\/wp-json\/wp\/v2\/tags?post=32752"}],"curies":[{"name":"wp","href":"https:\/\/api.w.org\/{rel}","templated":true}]}}