{"id":32580,"date":"2018-06-27T09:54:54","date_gmt":"2018-06-27T11:54:54","guid":{"rendered":"http:\/\/www2.comunitaria.com.br\/?p=32580"},"modified":"2018-06-27T10:05:08","modified_gmt":"2018-06-27T12:05:08","slug":"anunciada-a-recuperacao-da-br-386","status":"publish","type":"post","link":"https:\/\/www2.comunitaria.com.br\/en\/anunciada-a-recuperacao-da-br-386\/","title":{"rendered":"Anunciada a recupera\u00e7\u00e3o da BR-386"},"content":{"rendered":"<p style=\"text-align: justify;\"><span style=\"font-weight: 400;\">A Administra\u00e7\u00e3o Municipal anunciou nesta ter\u00e7a-feira, 26, a libera\u00e7\u00e3o pelo Departamento Nacional de Infraestrutura de Transportes (DNIT) de R$ 22.770.000,00 para a recupera\u00e7\u00e3o e manuten\u00e7\u00e3o da BR-386\/158, no trecho entre Ira\u00ed e Boa Vista das Miss\u00f5es. <\/span><\/p>\n<p style=\"text-align: justify;\"><span style=\"font-weight: 400;\">Com a confirma\u00e7\u00e3o, o munic\u00edpio de Frederico Westphalen entrar\u00e1 em contato com a empresa vencedora do processo licitat\u00f3rio, a Ellenco Constru\u00e7\u00f5es Ltda, de Sorocaba, para que ela se instale em FW. De acordo com o contrato firmado entre DNIT e a empresa, a vig\u00eancia do acordo \u00e9 entre os dias 27 de junho deste ano e 23 de outubro de 2020. N\u00e3o foi repassado informa\u00e7\u00f5es de quando as obras devem realmente iniciar.<\/span><\/p>\n<p style=\"text-align: justify;\"><span style=\"font-weight: 400;\">De acordo com o prefeito Jos\u00e9 Alberto Panosso esta foi uma negocia\u00e7\u00e3o com o intuito de beneficiar a regi\u00e3o como um todo, e n\u00e3o s\u00f3 Frederico Westphalen. \u201cTrabalhamos muito e fizemos muitas reuni\u00f5es no DNIT para que hoje pud\u00e9ssemos anunciar que a nossa regi\u00e3o ser\u00e1 contemplada com esta libera\u00e7\u00e3o. Esta repara\u00e7\u00e3o trar\u00e1 um melhor escoamento da produ\u00e7\u00e3o dos frigor\u00edficos e das empresas que est\u00e3o n\u00e3o s\u00f3 no nosso munic\u00edpio, mas da nossa regi\u00e3o\u201d, ressaltou.<\/span><\/p>\n<p style=\"text-align: justify;\"><em>ASCOM &#8211; Prefeitura Frederico Westphalen<\/em><\/p>\n<p>&nbsp;<\/p>","protected":false},"excerpt":{"rendered":"<p>A Administra\u00e7\u00e3o Municipal anunciou nesta ter\u00e7a-feira, 26, a libera\u00e7\u00e3o pelo Departamento Nacional de Infraestrutura de Transportes (DNIT) de R$ 22.770.000,00 para a recupera\u00e7\u00e3o e manuten\u00e7\u00e3o da BR-386\/158, no trecho entre&#8230;<\/p>","protected":false},"author":2,"featured_media":32581,"comment_status":"open","ping_status":"closed","sticky":false,"template":"","format":"standard","meta":{"ngg_post_thumbnail":0,"footnotes":""},"categories":[42,33,38,43,3598],"tags":[161,264,82,172,1079,86,3407,426],"class_list":["post-32580","post","type-post","status-publish","format-standard","has-post-thumbnail","hentry","category-fred-west","category-noticias","category-politica","category-regiao","category-transito","tag-asfalto","tag-br-386","tag-frederico-westphalen","tag-irai","tag-politica","tag-regiao-2","tag-restauracao","tag-transito"],"amp_enabled":true,"_links":{"self":[{"href":"https:\/\/www2.comunitaria.com.br\/en\/wp-json\/wp\/v2\/posts\/32580","targetHints":{"allow":["GET"]}}],"collection":[{"href":"https:\/\/www2.comunitaria.com.br\/en\/wp-json\/wp\/v2\/posts"}],"about":[{"href":"https:\/\/www2.comunitaria.com.br\/en\/wp-json\/wp\/v2\/types\/post"}],"author":[{"embeddable":true,"href":"https:\/\/www2.comunitaria.com.br\/en\/wp-json\/wp\/v2\/users\/2"}],"replies":[{"embeddable":true,"href":"https:\/\/www2.comunitaria.com.br\/en\/wp-json\/wp\/v2\/comments?post=32580"}],"version-history":[{"count":0,"href":"https:\/\/www2.comunitaria.com.br\/en\/wp-json\/wp\/v2\/posts\/32580\/revisions"}],"wp:featuredmedia":[{"embeddable":true,"href":"https:\/\/www2.comunitaria.com.br\/en\/wp-json\/wp\/v2\/media\/32581"}],"wp:attachment":[{"href":"https:\/\/www2.comunitaria.com.br\/en\/wp-json\/wp\/v2\/media?parent=32580"}],"wp:term":[{"taxonomy":"category","embeddable":true,"href":"https:\/\/www2.comunitaria.com.br\/en\/wp-json\/wp\/v2\/categories?post=32580"},{"taxonomy":"post_tag","embeddable":true,"href":"https:\/\/www2.comunitaria.com.br\/en\/wp-json\/wp\/v2\/tags?post=32580"}],"curies":[{"name":"wp","href":"https:\/\/api.w.org\/{rel}","templated":true}]}}