{"id":32535,"date":"2018-06-20T15:31:36","date_gmt":"2018-06-20T17:31:36","guid":{"rendered":"http:\/\/www2.comunitaria.com.br\/?p=32535"},"modified":"2018-06-20T15:34:30","modified_gmt":"2018-06-20T17:34:30","slug":"inaugurada-nova-sede-da-patram-em-frederico-westphalen","status":"publish","type":"post","link":"https:\/\/www2.comunitaria.com.br\/en\/inaugurada-nova-sede-da-patram-em-frederico-westphalen\/","title":{"rendered":"Inaugurada nova sede da Patram em Frederico Westphalen"},"content":{"rendered":"<p style=\"text-align: justify;\">Na tarde desta ter\u00e7a-feira, 19, foi inaugurada oficialmente a nova sede do 2\u00aa Grupo de Pol\u00edcia Ambiental do 3\u00ba Batalh\u00e3o Ambiental da Brigada Militar de Frederico Westphalen. O novo espa\u00e7o que conta com aproximadamente 300 metros quadrados foi cedido pela Administra\u00e7\u00e3o Municipal e fica localizado na Rua Piracicaba, no Bairro Santo In\u00e1cio, antiga sede do Senai, pr\u00f3ximo a BR 386.&nbsp;<\/p>\n<p style=\"text-align: justify;\">A antiga sede ficava localizada, desde 2009, em frente a Prefeitura, por\u00e9m devido \u00e0s m\u00e1s condi\u00e7\u00f5es das instala\u00e7\u00f5es a mesma foi realocada. A soldado Juliana Celita Lahr, comandante da Patram\/FW, falou que esta era uma demanda antiga do grupo:&nbsp;<\/p>\n<!--[if lt IE 9]><script>document.createElement('audio');<\/script><![endif]-->\n<audio class=\"wp-audio-shortcode\" id=\"audio-32535-1\" preload=\"none\" style=\"width: 100%;\" controls=\"controls\"><source type=\"audio\/mpeg\" src=\"http:\/\/www2.comunitaria.com.br\/wp-content\/uploads\/2018\/06\/JULIANA-PATRAM.mp3?_=1\" \/><a href=\"http:\/\/www2.comunitaria.com.br\/wp-content\/uploads\/2018\/06\/JULIANA-PATRAM.mp3\">http:\/\/www2.comunitaria.com.br\/wp-content\/uploads\/2018\/06\/JULIANA-PATRAM.mp3<\/a><\/audio>\n<p style=\"text-align: justify;\">O prefeito de Frederico Westphalen, Jos\u00e9 Alberto Panosso, destacou sobre import\u00e2ncia do novo espa\u00e7o para o melhor desempenho das atividades da Pol\u00edcia Ambiental no munic\u00edpio e tamb\u00e9m na regi\u00e3o:&nbsp;<\/p>\n<audio class=\"wp-audio-shortcode\" id=\"audio-32535-2\" preload=\"none\" style=\"width: 100%;\" controls=\"controls\"><source type=\"audio\/mpeg\" src=\"http:\/\/www2.comunitaria.com.br\/wp-content\/uploads\/2018\/06\/PANOSSO-PATRAM-AUDIO.mp3?_=2\" \/><a href=\"http:\/\/www2.comunitaria.com.br\/wp-content\/uploads\/2018\/06\/PANOSSO-PATRAM-AUDIO.mp3\">http:\/\/www2.comunitaria.com.br\/wp-content\/uploads\/2018\/06\/PANOSSO-PATRAM-AUDIO.mp3<\/a><\/audio>\n<p style=\"text-align: justify;\">A Patram atende 24 munic\u00edpios da regi\u00e3o, abrangendo mais de cinco mil quil\u00f4metros quadrados. A nova sede conta com&nbsp;&nbsp;sala de aula, recep\u00e7\u00e3o, sala de atendimento, banheiros, alojamento feminino e masculino, cozinha, refeit\u00f3rio, deposito e garagem.&nbsp;<\/p>\n<p style=\"text-align: justify;\"><em>Foto: ASCOM\/Prefeitura Frederico Westphalen<\/em><\/p>\n<p>&nbsp;<\/p>","protected":false},"excerpt":{"rendered":"<p>Na tarde desta ter\u00e7a-feira, 19, foi inaugurada oficialmente a nova sede do 2\u00aa Grupo de Pol\u00edcia Ambiental do 3\u00ba Batalh\u00e3o Ambiental da Brigada Militar de Frederico Westphalen. O novo espa\u00e7o que conta com aproximadamente 300 metros quadrados foi cedido pela Administra\u00e7\u00e3o Municipal e fica localizado na Rua Piracicaba, no Bairro Santo In\u00e1cio, antiga sede do<\/p>\n<div class=\"read-more-wrapper\"><a class=\"read-more\" href=\"https:\/\/www2.comunitaria.com.br\/en\/inaugurada-nova-sede-da-patram-em-frederico-westphalen\/\" title=\"Read More\"> <span class=\"button\">Read More<\/span><\/a><\/div>","protected":false},"author":2,"featured_media":32538,"comment_status":"open","ping_status":"closed","sticky":false,"template":"","format":"standard","meta":{"ngg_post_thumbnail":0,"footnotes":""},"categories":[51,42,3615,28,33,36,35],"tags":[1348,82,133,1938,516],"class_list":["post-32535","post","type-post","status-publish","format-standard","has-post-thumbnail","hentry","category-audio","category-fred-west","category-meio-ambiente","category-destaque","category-noticias","category-policia","category-variedades","tag-evento","tag-frederico-westphalen","tag-inauguracao","tag-patram","tag-sede"],"amp_enabled":true,"_links":{"self":[{"href":"https:\/\/www2.comunitaria.com.br\/en\/wp-json\/wp\/v2\/posts\/32535","targetHints":{"allow":["GET"]}}],"collection":[{"href":"https:\/\/www2.comunitaria.com.br\/en\/wp-json\/wp\/v2\/posts"}],"about":[{"href":"https:\/\/www2.comunitaria.com.br\/en\/wp-json\/wp\/v2\/types\/post"}],"author":[{"embeddable":true,"href":"https:\/\/www2.comunitaria.com.br\/en\/wp-json\/wp\/v2\/users\/2"}],"replies":[{"embeddable":true,"href":"https:\/\/www2.comunitaria.com.br\/en\/wp-json\/wp\/v2\/comments?post=32535"}],"version-history":[{"count":0,"href":"https:\/\/www2.comunitaria.com.br\/en\/wp-json\/wp\/v2\/posts\/32535\/revisions"}],"wp:featuredmedia":[{"embeddable":true,"href":"https:\/\/www2.comunitaria.com.br\/en\/wp-json\/wp\/v2\/media\/32538"}],"wp:attachment":[{"href":"https:\/\/www2.comunitaria.com.br\/en\/wp-json\/wp\/v2\/media?parent=32535"}],"wp:term":[{"taxonomy":"category","embeddable":true,"href":"https:\/\/www2.comunitaria.com.br\/en\/wp-json\/wp\/v2\/categories?post=32535"},{"taxonomy":"post_tag","embeddable":true,"href":"https:\/\/www2.comunitaria.com.br\/en\/wp-json\/wp\/v2\/tags?post=32535"}],"curies":[{"name":"wp","href":"https:\/\/api.w.org\/{rel}","templated":true}]}}