{"id":32432,"date":"2018-06-05T10:20:50","date_gmt":"2018-06-05T12:20:50","guid":{"rendered":"http:\/\/www2.comunitaria.com.br\/?p=32432"},"modified":"2018-06-05T10:21:04","modified_gmt":"2018-06-05T12:21:04","slug":"secretaria-de-esportes-convoca-interessados-em-participar-do-camp-municipal-de-futsal","status":"publish","type":"post","link":"https:\/\/www2.comunitaria.com.br\/en\/secretaria-de-esportes-convoca-interessados-em-participar-do-camp-municipal-de-futsal\/","title":{"rendered":"Secretaria de Esportes convoca interessados em participar do Camp. Municipal de Futsal"},"content":{"rendered":"<p style=\"text-align: justify;\">A Secretaria Municipal de Esportes, Juventude e Lazer convoca a todos os interessados em participar do Campeonato Municipal de Futsal, a comparecer nas reuni\u00f5es para a organiza\u00e7\u00e3o e explana\u00e7\u00e3o do regulamento da competi\u00e7\u00e3o, entre outros assuntos.<\/p>\n<p style=\"text-align: justify;\">Neste ano, a categoria for\u00e7a-livre ser\u00e1 dividida em duas divis\u00f5es. Aqueles que participaram da competi\u00e7\u00e3o em 2017, tem vaga garantida para a Divis\u00e3o principal do campeonato, j\u00e1 aqueles que gostariam de ingressar na competi\u00e7\u00e3o nesta temporada, deve comparecer na quarta-feira, 6, \u00e0s 18 horas, na sede da Secretaria de Esportes, localizada juntamente a sede da Secretaria de Assist\u00eancia Social, para alinhar as \u00faltimas defini\u00e7\u00f5es do campeonato.<\/p>\n<p style=\"text-align: justify;\">Na quinta-feira, 7, \u00e9 a vez das interessadas em participar da categoria feminina. O encontro ser\u00e1 realizado novamente na sede da Secretaria e a partir das 18 horas. J\u00e1 na segunda-feira, 11, aqueles que gostariam de participar da categoria Master, devem comparecer a partir das 18 horas, na sede da Secretaria de Esportes.<\/p>\n<p style=\"text-align: justify;\">Mais informa\u00e7\u00f5es podem ser obtidas pelos telefones 3744-6943 ou 3744-2437.<\/p>\n<p style=\"text-align: justify;\"><em>ASCOM &#8211; Prefeitura Frederico Westphalen<\/em><\/p>","protected":false},"excerpt":{"rendered":"<p>A Secretaria Municipal de Esportes, Juventude e Lazer convoca a todos os interessados em participar do Campeonato Municipal de Futsal, a comparecer nas reuni\u00f5es para a organiza\u00e7\u00e3o e explana\u00e7\u00e3o do&#8230;<\/p>","protected":false},"author":2,"featured_media":32433,"comment_status":"open","ping_status":"closed","sticky":false,"template":"","format":"standard","meta":{"ngg_post_thumbnail":0,"footnotes":""},"categories":[50,34,42,33],"tags":[1228,465,82,952,4025],"class_list":["post-32432","post","type-post","status-publish","format-standard","has-post-thumbnail","hentry","category-campeonatos-locais","category-esportes","category-fred-west","category-noticias","tag-campeonatos-locais","tag-esporte","tag-frederico-westphalen","tag-futsal","tag-municipal-de-futsal"],"amp_enabled":true,"_links":{"self":[{"href":"https:\/\/www2.comunitaria.com.br\/en\/wp-json\/wp\/v2\/posts\/32432","targetHints":{"allow":["GET"]}}],"collection":[{"href":"https:\/\/www2.comunitaria.com.br\/en\/wp-json\/wp\/v2\/posts"}],"about":[{"href":"https:\/\/www2.comunitaria.com.br\/en\/wp-json\/wp\/v2\/types\/post"}],"author":[{"embeddable":true,"href":"https:\/\/www2.comunitaria.com.br\/en\/wp-json\/wp\/v2\/users\/2"}],"replies":[{"embeddable":true,"href":"https:\/\/www2.comunitaria.com.br\/en\/wp-json\/wp\/v2\/comments?post=32432"}],"version-history":[{"count":0,"href":"https:\/\/www2.comunitaria.com.br\/en\/wp-json\/wp\/v2\/posts\/32432\/revisions"}],"wp:featuredmedia":[{"embeddable":true,"href":"https:\/\/www2.comunitaria.com.br\/en\/wp-json\/wp\/v2\/media\/32433"}],"wp:attachment":[{"href":"https:\/\/www2.comunitaria.com.br\/en\/wp-json\/wp\/v2\/media?parent=32432"}],"wp:term":[{"taxonomy":"category","embeddable":true,"href":"https:\/\/www2.comunitaria.com.br\/en\/wp-json\/wp\/v2\/categories?post=32432"},{"taxonomy":"post_tag","embeddable":true,"href":"https:\/\/www2.comunitaria.com.br\/en\/wp-json\/wp\/v2\/tags?post=32432"}],"curies":[{"name":"wp","href":"https:\/\/api.w.org\/{rel}","templated":true}]}}