{"id":32430,"date":"2018-06-04T17:29:12","date_gmt":"2018-06-04T19:29:12","guid":{"rendered":"http:\/\/www2.comunitaria.com.br\/?p=32430"},"modified":"2018-06-04T17:29:12","modified_gmt":"2018-06-04T19:29:12","slug":"grupo-creluz-tem-100-da-sua-area-telecomandada-e-50-com-fibra-optica","status":"publish","type":"post","link":"https:\/\/www2.comunitaria.com.br\/en\/grupo-creluz-tem-100-da-sua-area-telecomandada-e-50-com-fibra-optica\/","title":{"rendered":"Grupo Creluz tem 100% da sua \u00e1rea telecomandada e 50% com fibra \u00f3ptica"},"content":{"rendered":"<p style=\"text-align: justify;\">O Grupo Creluz atingiu mais uma importante marca no que tange a aplica\u00e7\u00e3o de novas tecnologias. Mais uma vez inovando, a Cooperativa iniciou ainda no segundo semestre de 2017, a implanta\u00e7\u00e3o de fibra \u00f3ptica em suas redes para o comando a dist\u00e2ncia dos seus religadores. Nos \u00faltimos dias o equipamento de n\u00famero 20 foi ligado na localidade de Santa Lucia, munic\u00edpio de Jaboticaba.<\/p>\n<p style=\"text-align: justify;\">Inicialmente operados via sinal de telefonia celular, os religadores telecomandados come\u00e7aram a ficar inoperantes assim que o sinal de telefonia oscilava ou era interrompido justamente pela falta de energia e a aus\u00eancia de baterias suplementares nas torres.<\/p>\n<p style=\"text-align: justify;\">Diante disso, a dire\u00e7\u00e3o do Grupo Creluz, juntamente com engenheiros e t\u00e9cnicos, decidiu inovar mais uma vez e iniciar a implanta\u00e7\u00e3o da fibra \u00f3ptica em suas redes de distribui\u00e7\u00e3o. Na atualidade, 50 % dos religadores operados a dist\u00e2ncia j\u00e1 est\u00e3o conectados com a fibra \u00f3ptica, ou seja, a metade da \u00e1rea de atua\u00e7\u00e3o da Cooperativa que abrange 36 munic\u00edpios. Por isso o avan\u00e7o na implanta\u00e7\u00e3o da nova tecnologia foi comemorado em um encontro com a participa\u00e7\u00e3o de mais de 675&nbsp;associados e presen\u00e7a maci\u00e7a de autoridades e lideran\u00e7as de Jaboticaba e regi\u00e3o na manh\u00e3 da quarta-feira 23.<\/p>\n<p style=\"text-align: justify;\">Toda a \u00e1rea de atua\u00e7\u00e3o do Grupo Creluz, 100% dos munic\u00edpios, possuem religadores telecomandados e a expectativa da dire\u00e7\u00e3o da empresa \u00e9 que at\u00e9 o final do ano mais dez religadores sejam conectados com fibra. Al\u00e9m de melhorar a efici\u00eancia na opera\u00e7\u00e3o do sistema, a fibra \u00f3ptica agilizar\u00e1 a chegada da internet de qualidade a muitas comunidades, como \u00e9 o caso da cidade de Jaboticaba e a Vila Trentin, no mesmo munic\u00edpio, que neste m\u00eas come\u00e7aram a receber os servi\u00e7os da empresa Eletric Net.<\/p>\n<p style=\"text-align: justify;\">\u201cMais uma vez estamos atuando na vanguarda da alta tecnologia, nenhuma empresa no Brasil possui tantos religadores conectados com fibra \u00f3ptica como a Creluz tem neste momento, esta \u00e9 a tecnologia mais avan\u00e7ada dispon\u00edvel no mercado para a transmiss\u00e3o de dados e informa\u00e7\u00f5es, mais uma prova de que no setor el\u00e9trico, precisamos inovar constantemente em busca dos melhores resultados para a satisfa\u00e7\u00e3o e o atendimento eficiente ao nosso associado\u201d, resume o presidente do Grupo Creluz, Elemar Battisti.<\/p>\n<p style=\"text-align: justify;\">Atrav\u00e9s dos religadores comandados a dist\u00e2ncia na maioria das vezes o moderno centro de opera\u00e7\u00e3o do Grupo Creluz consegue restabelecer o fornecimento da energia ao associado em menos de tr\u00eas segundos, somente em caso de danos maiores \u00e0s redes \u00e9 que h\u00e1 a necessidade do deslocamento de equipes.<\/p>\n<p style=\"text-align: justify;\"><em>ASCOM &#8211; Creluz<\/em><\/p>","protected":false},"excerpt":{"rendered":"<p>O Grupo Creluz atingiu mais uma importante marca no que tange a aplica\u00e7\u00e3o de novas tecnologias. Mais uma vez inovando, a Cooperativa iniciou ainda no segundo semestre de 2017, a&#8230;<\/p>","protected":false},"author":2,"featured_media":32431,"comment_status":"open","ping_status":"closed","sticky":false,"template":"","format":"standard","meta":{"ngg_post_thumbnail":0,"footnotes":""},"categories":[39,46,3615,33,43],"tags":[203,1491,4024,86],"class_list":["post-32430","post","type-post","status-publish","format-standard","has-post-thumbnail","hentry","category-economia","category-estado","category-meio-ambiente","category-noticias","category-regiao","tag-creluz","tag-energia","tag-fibra","tag-regiao-2"],"amp_enabled":true,"_links":{"self":[{"href":"https:\/\/www2.comunitaria.com.br\/en\/wp-json\/wp\/v2\/posts\/32430","targetHints":{"allow":["GET"]}}],"collection":[{"href":"https:\/\/www2.comunitaria.com.br\/en\/wp-json\/wp\/v2\/posts"}],"about":[{"href":"https:\/\/www2.comunitaria.com.br\/en\/wp-json\/wp\/v2\/types\/post"}],"author":[{"embeddable":true,"href":"https:\/\/www2.comunitaria.com.br\/en\/wp-json\/wp\/v2\/users\/2"}],"replies":[{"embeddable":true,"href":"https:\/\/www2.comunitaria.com.br\/en\/wp-json\/wp\/v2\/comments?post=32430"}],"version-history":[{"count":0,"href":"https:\/\/www2.comunitaria.com.br\/en\/wp-json\/wp\/v2\/posts\/32430\/revisions"}],"wp:featuredmedia":[{"embeddable":true,"href":"https:\/\/www2.comunitaria.com.br\/en\/wp-json\/wp\/v2\/media\/32431"}],"wp:attachment":[{"href":"https:\/\/www2.comunitaria.com.br\/en\/wp-json\/wp\/v2\/media?parent=32430"}],"wp:term":[{"taxonomy":"category","embeddable":true,"href":"https:\/\/www2.comunitaria.com.br\/en\/wp-json\/wp\/v2\/categories?post=32430"},{"taxonomy":"post_tag","embeddable":true,"href":"https:\/\/www2.comunitaria.com.br\/en\/wp-json\/wp\/v2\/tags?post=32430"}],"curies":[{"name":"wp","href":"https:\/\/api.w.org\/{rel}","templated":true}]}}