{"id":32267,"date":"2018-05-22T18:47:56","date_gmt":"2018-05-22T20:47:56","guid":{"rendered":"http:\/\/www2.comunitaria.com.br\/?p=32267"},"modified":"2018-05-22T18:48:16","modified_gmt":"2018-05-22T20:48:16","slug":"brigada-militar-e-susepe-realizam-revista-no-presidio-de-irai","status":"publish","type":"post","link":"https:\/\/www2.comunitaria.com.br\/en\/brigada-militar-e-susepe-realizam-revista-no-presidio-de-irai\/","title":{"rendered":"Brigada Militar e Susepe realizam revista no Pres\u00eddio de Ira\u00ed"},"content":{"rendered":"<p style=\"text-align: justify;\">A Brigada Militar, em trabalho conjunto com a Superintend\u00eancia dos Servi\u00e7os Penitenci\u00e1rios (Susepe), realizou na tarde desta ter\u00e7a-feira, 22, a Opera\u00e7\u00e3o de Revista no Pres\u00eddio Estadual de Ira\u00ed. Esta a\u00e7\u00e3o vai ao encontro da necessidade de integra\u00e7\u00e3o entre as for\u00e7as de Seguran\u00e7a P\u00fablica do Estado.<\/p>\n<p style=\"text-align: justify;\">O objetivo foi buscar e apreender materiais il\u00edcitos que poderiam estar em posse dos apenados e seguir na manuten\u00e7\u00e3o da ordem e da disciplina dentro da casa prisional. Na ocasi\u00e3<span class=\"text_exposed_show\">o, foram apreendidos aproximadamente 20 aparelhos celulares, bem como, carregadores, estoques e armas brancas.<\/span><\/p>\n<div class=\"text_exposed_show\">\n<p style=\"text-align: justify;\">A Opera\u00e7\u00e3o contou com o apoio do Pelot\u00e3o de Opera\u00e7\u00f5es Especiais do 37\u00b0BPM\/Frederico Westphalen, 4\u00b0BPAF\/Santa Rosa e 7\u00b0BPM\/Tr\u00eas Passos.<\/p>\n<p style=\"text-align: justify;\"><em>37\u00b0 BPM<\/em><\/p>\n<\/div>","protected":false},"excerpt":{"rendered":"<p>A Brigada Militar, em trabalho conjunto com a Superintend\u00eancia dos Servi\u00e7os Penitenci\u00e1rios (Susepe), realizou na tarde desta ter\u00e7a-feira, 22, a Opera\u00e7\u00e3o de Revista no Pres\u00eddio Estadual de Ira\u00ed. Esta a\u00e7\u00e3o&#8230;<\/p>","protected":false},"author":2,"featured_media":32268,"comment_status":"open","ping_status":"closed","sticky":false,"template":"","format":"standard","meta":{"ngg_post_thumbnail":0,"footnotes":""},"categories":[33,36,43],"tags":[172,177,156,86,1590],"class_list":["post-32267","post","type-post","status-publish","format-standard","has-post-thumbnail","hentry","category-noticias","category-policia","category-regiao","tag-irai","tag-policia-2","tag-presidio","tag-regiao-2","tag-revista"],"amp_enabled":true,"_links":{"self":[{"href":"https:\/\/www2.comunitaria.com.br\/en\/wp-json\/wp\/v2\/posts\/32267","targetHints":{"allow":["GET"]}}],"collection":[{"href":"https:\/\/www2.comunitaria.com.br\/en\/wp-json\/wp\/v2\/posts"}],"about":[{"href":"https:\/\/www2.comunitaria.com.br\/en\/wp-json\/wp\/v2\/types\/post"}],"author":[{"embeddable":true,"href":"https:\/\/www2.comunitaria.com.br\/en\/wp-json\/wp\/v2\/users\/2"}],"replies":[{"embeddable":true,"href":"https:\/\/www2.comunitaria.com.br\/en\/wp-json\/wp\/v2\/comments?post=32267"}],"version-history":[{"count":0,"href":"https:\/\/www2.comunitaria.com.br\/en\/wp-json\/wp\/v2\/posts\/32267\/revisions"}],"wp:featuredmedia":[{"embeddable":true,"href":"https:\/\/www2.comunitaria.com.br\/en\/wp-json\/wp\/v2\/media\/32268"}],"wp:attachment":[{"href":"https:\/\/www2.comunitaria.com.br\/en\/wp-json\/wp\/v2\/media?parent=32267"}],"wp:term":[{"taxonomy":"category","embeddable":true,"href":"https:\/\/www2.comunitaria.com.br\/en\/wp-json\/wp\/v2\/categories?post=32267"},{"taxonomy":"post_tag","embeddable":true,"href":"https:\/\/www2.comunitaria.com.br\/en\/wp-json\/wp\/v2\/tags?post=32267"}],"curies":[{"name":"wp","href":"https:\/\/api.w.org\/{rel}","templated":true}]}}