{"id":32249,"date":"2018-05-21T16:53:16","date_gmt":"2018-05-21T18:53:16","guid":{"rendered":"http:\/\/www2.comunitaria.com.br\/?p=32249"},"modified":"2018-05-21T16:53:50","modified_gmt":"2018-05-21T18:53:50","slug":"4o-festival-de-cinema-de-tres-passos-recebe-inscricoes-ate-30-de-julho","status":"publish","type":"post","link":"https:\/\/www2.comunitaria.com.br\/en\/4o-festival-de-cinema-de-tres-passos-recebe-inscricoes-ate-30-de-julho\/","title":{"rendered":"4\u00ba Festival de Cinema de Tr\u00eas Passos recebe inscri\u00e7\u00f5es at\u00e9 30 de julho"},"content":{"rendered":"<p style=\"text-align: justify;\">O Cine Globo, ser\u00e1 novamente o cen\u00e1rio para a difus\u00e3o de curtas-metragens nacionais e estrangeiros do Festival de Cinema de Tr\u00eas Passos. Em sua 4\u00aa edi\u00e7\u00e3o, o&nbsp;evento, que acontece de 6 a 10 de novembro estimula a produ\u00e7\u00e3o local\/regional, o debate de temas relacionados \u00e0 produ\u00e7\u00e3o audiovisual, \u00e0 qualidade de vida e sustentabilidade com foco na polui\u00e7\u00e3o ambiental \u2013 AR.&nbsp;<\/p>\n<p style=\"text-align: justify;\">A programa\u00e7\u00e3o, com entrada franca, \u00e9 composta por Mostra Competitiva e Mostra N\u00e3o Competitiva, bate-papo com cineastas ap\u00f3s cada sess\u00e3o, Mesa de Debates com o tema Produ\u00e7\u00e3o Audiovisual e Protagonismo, cerim\u00f4nia de encerramento com premia\u00e7\u00f5es e confraterniza\u00e7\u00e3o. O&nbsp;Festival recebe as inscri\u00e7\u00f5es no per\u00edodo de 15 de maio a 30 de julho de 2018, pelo site <a href=\"http:\/\/www.cinematrespassos.com.br\/\" target=\"_blank\" rel=\"noopener noreferrer\">www.cinematrespassos.com.br<\/a><\/p>\n<p style=\"text-align: justify;\">Os curtas-metragens selecionados dentre os inscritos, concorrem em 16 categorias avaliadas pelo J\u00fari Oficial. O J\u00fari popular escolher\u00e1 o melhor curta do Festival.&nbsp;Os vencedores receber\u00e3o o trof\u00e9u Levy, em homenagem ao fundador do Cine Globo \u2013 Alberto Abra\u00e3o Levy e sua fam\u00edlia.<\/p>\n<p style=\"text-align: justify;\">A premia\u00e7\u00e3o ser\u00e1 entregue durante a Cerim\u00f4nia Oficial de Encerramento do 4\u00ba Festival de Cinema de Tr\u00eas Passos\/2018 \u2013 Uma vida com Cinema, no dia 10 de novembro, \u00e0s 20h, no Cine Globo.<\/p>\n<p style=\"text-align: justify;\">&nbsp;<\/p>","protected":false},"excerpt":{"rendered":"<p>O Cine Globo, ser\u00e1 novamente o cen\u00e1rio para a difus\u00e3o de curtas-metragens nacionais e estrangeiros do Festival de Cinema de Tr\u00eas Passos. Em sua 4\u00aa edi\u00e7\u00e3o, o&nbsp;evento, que acontece de&#8230;<\/p>","protected":false},"author":2,"featured_media":32250,"comment_status":"open","ping_status":"closed","sticky":false,"template":"","format":"standard","meta":{"ngg_post_thumbnail":0,"footnotes":""},"categories":[3593,33,43,35],"tags":[1150,1973,86,1151,1165],"class_list":["post-32249","post","type-post","status-publish","format-standard","has-post-thumbnail","hentry","category-cultura","category-noticias","category-regiao","category-variedades","tag-cinema","tag-festival-de-cinema","tag-regiao-2","tag-tres-passos","tag-variedades"],"amp_enabled":true,"_links":{"self":[{"href":"https:\/\/www2.comunitaria.com.br\/en\/wp-json\/wp\/v2\/posts\/32249","targetHints":{"allow":["GET"]}}],"collection":[{"href":"https:\/\/www2.comunitaria.com.br\/en\/wp-json\/wp\/v2\/posts"}],"about":[{"href":"https:\/\/www2.comunitaria.com.br\/en\/wp-json\/wp\/v2\/types\/post"}],"author":[{"embeddable":true,"href":"https:\/\/www2.comunitaria.com.br\/en\/wp-json\/wp\/v2\/users\/2"}],"replies":[{"embeddable":true,"href":"https:\/\/www2.comunitaria.com.br\/en\/wp-json\/wp\/v2\/comments?post=32249"}],"version-history":[{"count":0,"href":"https:\/\/www2.comunitaria.com.br\/en\/wp-json\/wp\/v2\/posts\/32249\/revisions"}],"wp:featuredmedia":[{"embeddable":true,"href":"https:\/\/www2.comunitaria.com.br\/en\/wp-json\/wp\/v2\/media\/32250"}],"wp:attachment":[{"href":"https:\/\/www2.comunitaria.com.br\/en\/wp-json\/wp\/v2\/media?parent=32249"}],"wp:term":[{"taxonomy":"category","embeddable":true,"href":"https:\/\/www2.comunitaria.com.br\/en\/wp-json\/wp\/v2\/categories?post=32249"},{"taxonomy":"post_tag","embeddable":true,"href":"https:\/\/www2.comunitaria.com.br\/en\/wp-json\/wp\/v2\/tags?post=32249"}],"curies":[{"name":"wp","href":"https:\/\/api.w.org\/{rel}","templated":true}]}}