{"id":32225,"date":"2018-05-18T15:45:33","date_gmt":"2018-05-18T17:45:33","guid":{"rendered":"http:\/\/www2.comunitaria.com.br\/?p=32225"},"modified":"2018-05-18T15:46:58","modified_gmt":"2018-05-18T17:46:58","slug":"prf-cumpre-mandado-de-prisao-em-seberi-3","status":"publish","type":"post","link":"https:\/\/www2.comunitaria.com.br\/en\/prf-cumpre-mandado-de-prisao-em-seberi-3\/","title":{"rendered":"PRF cumpre mandado de pris\u00e3o em Seberi"},"content":{"rendered":"<p style=\"text-align: justify;\">A Pol\u00edcia Rodovi\u00e1ria Federal prendeu, na tarde desta sexta-feira, 18, um homem de 46 anos na BR 386 em Seberi.&nbsp;Os policiais realizavam abordagens de rotina em frente a Unidade Operacional (UOP) de Seberi, no km 51 da BR 386, quando foi parado um ve\u00edculo Corsa com placas de Porto Alegre.<\/p>\n<p style=\"text-align: justify;\">No ve\u00edculo estava uma fam\u00edlia que seguia para Palmitinho\/RS. Foi feita a identifica\u00e7\u00e3o dos ocupantes e, para o condutor, constava um mandado de pris\u00e3o. Ele estava foragido do semiaberto de S\u00e3o Leopoldo\/RS desde mar\u00e7o de 2017.<\/p>\n<p style=\"text-align: justify;\">O homem, natural de Porto Alegre, tem 26 anos e 7 meses de condena\u00e7\u00e3o por duplo homic\u00eddio, tr\u00e1fico e recepta\u00e7\u00e3o. J\u00e1 havia cumprido 13 anos da pena quando evadiu-se.&nbsp;A ocorr\u00eancia foi encaminhada \u00e0 pol\u00edcia judici\u00e1ria.<\/p>\n<p style=\"text-align: justify;\"><em>PRF<\/em><\/p>","protected":false},"excerpt":{"rendered":"<p>A Pol\u00edcia Rodovi\u00e1ria Federal prendeu, na tarde desta sexta-feira, 18, um homem de 46 anos na BR 386 em Seberi.&nbsp;Os policiais realizavam abordagens de rotina em frente a Unidade Operacional (UOP) de Seberi, no km 51 da BR 386, quando foi parado um ve\u00edculo Corsa com placas de Porto Alegre. No ve\u00edculo estava uma fam\u00edlia<\/p>\n<div class=\"read-more-wrapper\"><a class=\"read-more\" href=\"https:\/\/www2.comunitaria.com.br\/en\/prf-cumpre-mandado-de-prisao-em-seberi-3\/\" title=\"Read More\"> <span class=\"button\">Read More<\/span><\/a><\/div>","protected":false},"author":2,"featured_media":32226,"comment_status":"open","ping_status":"closed","sticky":false,"template":"","format":"standard","meta":{"ngg_post_thumbnail":0,"footnotes":""},"categories":[28,33,36,43,3598],"tags":[394,840,86,263],"class_list":["post-32225","post","type-post","status-publish","format-standard","has-post-thumbnail","hentry","category-destaque","category-noticias","category-policia","category-regiao","category-transito","tag-prf","tag-prisao","tag-regiao-2","tag-seberi"],"amp_enabled":true,"_links":{"self":[{"href":"https:\/\/www2.comunitaria.com.br\/en\/wp-json\/wp\/v2\/posts\/32225","targetHints":{"allow":["GET"]}}],"collection":[{"href":"https:\/\/www2.comunitaria.com.br\/en\/wp-json\/wp\/v2\/posts"}],"about":[{"href":"https:\/\/www2.comunitaria.com.br\/en\/wp-json\/wp\/v2\/types\/post"}],"author":[{"embeddable":true,"href":"https:\/\/www2.comunitaria.com.br\/en\/wp-json\/wp\/v2\/users\/2"}],"replies":[{"embeddable":true,"href":"https:\/\/www2.comunitaria.com.br\/en\/wp-json\/wp\/v2\/comments?post=32225"}],"version-history":[{"count":0,"href":"https:\/\/www2.comunitaria.com.br\/en\/wp-json\/wp\/v2\/posts\/32225\/revisions"}],"wp:featuredmedia":[{"embeddable":true,"href":"https:\/\/www2.comunitaria.com.br\/en\/wp-json\/wp\/v2\/media\/32226"}],"wp:attachment":[{"href":"https:\/\/www2.comunitaria.com.br\/en\/wp-json\/wp\/v2\/media?parent=32225"}],"wp:term":[{"taxonomy":"category","embeddable":true,"href":"https:\/\/www2.comunitaria.com.br\/en\/wp-json\/wp\/v2\/categories?post=32225"},{"taxonomy":"post_tag","embeddable":true,"href":"https:\/\/www2.comunitaria.com.br\/en\/wp-json\/wp\/v2\/tags?post=32225"}],"curies":[{"name":"wp","href":"https:\/\/api.w.org\/{rel}","templated":true}]}}