{"id":32038,"date":"2018-05-03T15:42:42","date_gmt":"2018-05-03T17:42:42","guid":{"rendered":"http:\/\/www2.comunitaria.com.br\/?p=32038"},"modified":"2018-05-03T15:51:33","modified_gmt":"2018-05-03T17:51:33","slug":"legislativo-de-frederico-westphalen-anuncia-dois-novos-vereadores","status":"publish","type":"post","link":"https:\/\/www2.comunitaria.com.br\/en\/legislativo-de-frederico-westphalen-anuncia-dois-novos-vereadores\/","title":{"rendered":"Legislativo de Frederico Westphalen empossa dois novos vereadores"},"content":{"rendered":"<p style=\"text-align: justify;\">Em decorr\u00eancia do feriado do Dia do Trabalhador na ter\u00e7a-feira, 1\u00ba de maio, a Sess\u00e3o Ordin\u00e1ria da C\u00e2mara de Vereadores de Frederico Westphalen foi realizada na quarta-feira, 2. Durante a Sess\u00e3o foram empossados dois novos vereadores.<\/p>\n<p style=\"text-align: justify;\">Os novos representantes do s\u00e3o o Sr. Claudiomiro da Silva, do PSOL, que substitui o vereador e presidente da casa, Sr. Celson Oliveira, al\u00e9m do&nbsp;Sr. Jair Figueiredo, do MDB, que substituir\u00e1 o vereador do MDB, Sr. Jaques de Oliveira, durante afastamento para tratamento de sa\u00fade.&nbsp;<\/p>","protected":false},"excerpt":{"rendered":"<p>Em decorr\u00eancia do feriado do Dia do Trabalhador na ter\u00e7a-feira, 1\u00ba de maio, a Sess\u00e3o Ordin\u00e1ria da C\u00e2mara de Vereadores de Frederico Westphalen foi realizada na quarta-feira, 2. Durante a&#8230;<\/p>","protected":false},"author":2,"featured_media":32039,"comment_status":"open","ping_status":"closed","sticky":false,"template":"","format":"standard","meta":{"ngg_post_thumbnail":0,"footnotes":""},"categories":[42,33,38],"tags":[158,82,1079,217],"class_list":["post-32038","post","type-post","status-publish","format-standard","has-post-thumbnail","hentry","category-fred-west","category-noticias","category-politica","tag-camara-de-vereadores","tag-frederico-westphalen","tag-politica","tag-vereadores"],"amp_enabled":true,"_links":{"self":[{"href":"https:\/\/www2.comunitaria.com.br\/en\/wp-json\/wp\/v2\/posts\/32038","targetHints":{"allow":["GET"]}}],"collection":[{"href":"https:\/\/www2.comunitaria.com.br\/en\/wp-json\/wp\/v2\/posts"}],"about":[{"href":"https:\/\/www2.comunitaria.com.br\/en\/wp-json\/wp\/v2\/types\/post"}],"author":[{"embeddable":true,"href":"https:\/\/www2.comunitaria.com.br\/en\/wp-json\/wp\/v2\/users\/2"}],"replies":[{"embeddable":true,"href":"https:\/\/www2.comunitaria.com.br\/en\/wp-json\/wp\/v2\/comments?post=32038"}],"version-history":[{"count":0,"href":"https:\/\/www2.comunitaria.com.br\/en\/wp-json\/wp\/v2\/posts\/32038\/revisions"}],"wp:featuredmedia":[{"embeddable":true,"href":"https:\/\/www2.comunitaria.com.br\/en\/wp-json\/wp\/v2\/media\/32039"}],"wp:attachment":[{"href":"https:\/\/www2.comunitaria.com.br\/en\/wp-json\/wp\/v2\/media?parent=32038"}],"wp:term":[{"taxonomy":"category","embeddable":true,"href":"https:\/\/www2.comunitaria.com.br\/en\/wp-json\/wp\/v2\/categories?post=32038"},{"taxonomy":"post_tag","embeddable":true,"href":"https:\/\/www2.comunitaria.com.br\/en\/wp-json\/wp\/v2\/tags?post=32038"}],"curies":[{"name":"wp","href":"https:\/\/api.w.org\/{rel}","templated":true}]}}