{"id":31976,"date":"2018-04-29T14:38:39","date_gmt":"2018-04-29T16:38:39","guid":{"rendered":"http:\/\/www2.comunitaria.com.br\/?p=31976"},"modified":"2018-04-29T14:38:39","modified_gmt":"2018-04-29T16:38:39","slug":"show-de-cesar-menotti-fabiano-marca-segundo-dia-de-expofred","status":"publish","type":"post","link":"https:\/\/www2.comunitaria.com.br\/en\/show-de-cesar-menotti-fabiano-marca-segundo-dia-de-expofred\/","title":{"rendered":"Show de C\u00e9sar Menotti &#038; Fabiano marca segundo dia de Expofred"},"content":{"rendered":"<p style=\"text-align: justify;\">No segundo dia de Feira, mais de 20 mil pessoas vieram ao Parque de Exposi\u00e7\u00f5es, segundo estimativas da Brigada Militar e da Comiss\u00e3o Central. Milhares de pessoas circularam pela Feira durante o dia e, a noite, curtiram os shows de Antonio Gringo e Saimon Gaiteiro, Erlon &amp; Marcos, C\u00e9sar Menotti &amp; Fabiano e, fechando a noite, a banda Comunidade Nin-Jitsu.<\/p>\n<p style=\"text-align: justify;\">Diversos encontros e palestras fizeram parte da programa\u00e7\u00e3o de Eventos Paralelos da Feira, como o Encontro dos Representantes Comerciais da ARBAZA, o julgamento de equinos da ra\u00e7a crioula, demonstra\u00e7\u00f5es das atividades do canil da Base A\u00e9rea de Santa Maria, entre outras atividades.<\/p>\n<p style=\"text-align: justify;\">Confira a cobertura fotogr\u00e1fica dos shows e camarim em nossa Galeria de Fotos e p\u00e1gina no <em>Facebook.<\/em><\/p>\n<p style=\"text-align: justify;\"><strong>Programa\u00e7\u00e3o para domingo, 29<\/strong><\/p>\n<p style=\"text-align: justify;\">O p\u00fablico poder\u00e1 conferir a Feira da Agricultura Familiar, visitar o Espa\u00e7o Emater, conhecer o Maquin\u00e1rio e Implementos Agr\u00edcolas e muito mais. A Feira conta ainda com espa\u00e7o de lazer e divers\u00e3o para todas as idades, incluindo Parque de Divers\u00f5es, espa\u00e7o de M\u00fasica, Dan\u00e7a, Teatro, Circo, bem como Workshops, Palestras, Encontros e Shows Nacionais. A Pra\u00e7a de Alimenta\u00e7\u00e3o conta com uma grande diversidade de produtos e servi\u00e7os.<\/p>\n<p style=\"text-align: justify;\"><strong>Show da dupla Maiara &amp; Maraisa<\/strong><\/p>\n<p style=\"text-align: justify;\">Para aqueles que ainda n\u00e3o adquiriram as entradas para o espa\u00e7o Vip e Front Bistr\u00f4, informamos que os ingressos est\u00e3o sendo comercializados na Feira, dispon\u00edveis nos pontos de na entrada e em um ponto de venda interno do Parque.<\/p>\n<p style=\"text-align: justify;\"><strong>Campanha assistencial<\/strong><\/p>\n<p style=\"text-align: justify;\">O acesso ao Parque e aos shows \u00e9 gratuito, mas pedimos a doa\u00e7\u00e3o de 1kg de alimento n\u00e3o perec\u00edvel que ser\u00e1 encaminhado \u00e0s entidades assistenciais do munic\u00edpio.<\/p>\n<p style=\"text-align: justify;\">Saiba quais alimentos podem ser doados<\/p>\n<p style=\"text-align: justify;\"><strong>&#8211; O que doar? <\/strong>Para facilitar o armazenamento e o melhor aproveitamento, s\u00f3 ser\u00e3o aceitos alimentos n\u00e3o perec\u00edveis, que s\u00e3o alimentos de f\u00e1cil armazenamento, que n\u00e3o estragam sendo conservados em temperatura ambiente. Neste grupo est\u00e3o os cereais, macarr\u00e3o, feij\u00f5es, soja, arroz, caf\u00e9, sal, farinha de milho, a\u00e7\u00facar, polvilho, farinha de trigo, \u00f3leo, leite em p\u00f3, bolachas, pipoca, achocolatado, gelatina, extrato de tomate, enlatados, canjica, vinagre, dentre outros.<\/p>\n<p style=\"text-align: justify;\">&nbsp;<\/p>\n<p style=\"text-align: justify;\"><strong>&#8211; Como doar?<\/strong> As institui\u00e7\u00f5es estar\u00e3o arrecadando os alimentos no acesso principal do Parque em todos os dias da Feira.<\/p>\n<p style=\"text-align: justify;\"><strong>Estacionamento<\/strong><\/p>\n<p style=\"text-align: justify;\">Os visitantes t\u00eam acesso aos estacionamentos do Parque de Exposi\u00e7\u00f5es pela entrada principal (Avenida Industrial) e pela Liv Space (Antiga Ecco Eventos). Carros at\u00e9 as 18h pagam R$10,00 e, ap\u00f3s, R$20,00. Motos pagam R$5,00 durante todo o dia. Passaporte para acesso livre em todos os dias pode ser adquirido no valor de R$80,00.<\/p>\n<p style=\"text-align: justify;\"><strong>Programa\u00e7\u00e3o completa para domingo, 29<\/strong><\/p>\n<p style=\"text-align: justify;\"><strong>&nbsp;<\/strong><strong>DIA 29 DE ABRIL DE 2018 (DOMINGO):<\/strong><\/p>\n<p style=\"text-align: justify;\"><strong>&nbsp;<\/strong><strong>08:30&nbsp;&nbsp; Curso de Capacita\u00e7\u00e3o com a Associa\u00e7\u00e3o Ga\u00facha de Supermercados &#8211; AGAS&nbsp;&nbsp;&nbsp;&nbsp;&nbsp;&nbsp;&nbsp;&nbsp;&nbsp;&nbsp; Escola M\u00f3vel<\/strong><\/p>\n<p style=\"text-align: justify;\"><strong>&nbsp;<\/strong><strong>CARRETA AGAS<\/strong><\/p>\n<p style=\"text-align: justify;\"><strong>&nbsp;<\/strong><strong>09:30&nbsp;&nbsp; Oficina Plantas Condimentares&nbsp;&nbsp;&nbsp;&nbsp;&nbsp; Cozinha Did\u00e1tica do Pavilh\u00e3o da Agricultura Familiar<\/strong><\/p>\n<p style=\"text-align: justify;\"><strong>&nbsp;<\/strong><strong>10:00&nbsp;&nbsp; Julgamento de Ra\u00e7a Bovina Leiteira&nbsp;&nbsp;&nbsp;&nbsp;&nbsp;&nbsp;&nbsp;&nbsp; Pista de exposi\u00e7\u00e3o<\/strong><\/p>\n<p style=\"text-align: justify;\"><strong>&nbsp;<\/strong><strong>10:00&nbsp;&nbsp; Oficina Alimentos Regionais que Potencializam a Mem\u00f3ria&nbsp;&nbsp;&nbsp;&nbsp;&nbsp;&nbsp; Pavilh\u00e3o do Conhecimento da EMATER\/ASCAR<\/strong><\/p>\n<p style=\"text-align: justify;\"><strong>&nbsp;<\/strong><strong>10:00&nbsp;&nbsp; Demonstra\u00e7\u00e3o das atividades do canil da Base A\u00e9rea de Santa Maria \u2013 RS.<\/strong><\/p>\n<p style=\"text-align: justify;\"><strong>&nbsp;<\/strong><strong>(A apresenta\u00e7\u00e3o tamb\u00e9m ocorrer\u00e1 no turno da tarde com hor\u00e1rio a definir)&nbsp;&nbsp;&nbsp;&nbsp;&nbsp;&nbsp;&nbsp;&nbsp;&nbsp;&nbsp; Palco 2<\/strong><\/p>\n<p style=\"text-align: justify;\"><strong>&nbsp;<\/strong><strong>10:30&nbsp;&nbsp; Oficina Filetagem de Til\u00e1pia&nbsp;&nbsp;&nbsp;&nbsp;&nbsp;&nbsp;&nbsp;&nbsp;&nbsp;&nbsp; Cozinha Did\u00e1tica do Pavilh\u00e3o da Agricultura Familiar<\/strong><\/p>\n<p style=\"text-align: justify;\"><strong>&nbsp;<\/strong><strong>11:00&nbsp;&nbsp; Oficina de Cultivo de Orqu\u00eddeas&nbsp;&nbsp;&nbsp; Pavilh\u00e3o do Conhecimento da EMATER\/ASCAR<\/strong><\/p>\n<p style=\"text-align: justify;\"><strong>&nbsp;<\/strong><strong>14:30&nbsp;&nbsp; Oficina Filetagem de Til\u00e1pia&nbsp;&nbsp;&nbsp;&nbsp;&nbsp;&nbsp;&nbsp;&nbsp;&nbsp;&nbsp; Cozinha Did\u00e1tica do Pavilh\u00e3o da Agricultura Familiar<\/strong><\/p>\n<p style=\"text-align: justify;\"><strong>14:30&nbsp;&nbsp; Oficina Alimentos Regionais que Potencializam a Mem\u00f3ria&nbsp;&nbsp;&nbsp;&nbsp;&nbsp;&nbsp; Pavilh\u00e3o do Conhecimento da EMATER\/ASCAR<\/strong><\/p>\n<p style=\"text-align: justify;\"><strong>&nbsp;<\/strong><strong>15:00&nbsp;&nbsp; Apresenta\u00e7\u00f5es Teatrais Infantis com Cia Teatral Sonharte&nbsp;&nbsp;&nbsp;&nbsp;&nbsp;&nbsp; Palco 02 da Arena de Shows<\/strong><\/p>\n<p style=\"text-align: justify;\"><strong>&nbsp;<\/strong><strong>15:30&nbsp;&nbsp; Oficina Plantas Condimentares&nbsp;&nbsp;&nbsp;&nbsp;&nbsp; Cozinha Did\u00e1tica do Pavilh\u00e3o da Agricultura Familiar<\/strong><\/p>\n<p style=\"text-align: justify;\"><strong>&nbsp;<\/strong><strong>15:30&nbsp;&nbsp; Oficina de Cultivo de Orqu\u00eddeas&nbsp;&nbsp;&nbsp; Pavilh\u00e3o do Conhecimento da EMATER\/ASCAR<\/strong><\/p>\n<p style=\"text-align: justify;\"><strong>&nbsp;<\/strong><strong>16:00&nbsp;&nbsp; Apresenta\u00e7\u00f5es Teatrais com o Grupo Teatral Novos Loucos Poetas e Danilo Gregory \u2013 Espet\u00e1culo Infantil \u201cA Enchente\u201d&nbsp;&nbsp;&nbsp;&nbsp;&nbsp;&nbsp;&nbsp;&nbsp; Palco 02 da Arena de Shows<\/strong><\/p>\n<p style=\"text-align: justify;\"><strong>&nbsp;<\/strong><strong>17:00&nbsp;&nbsp; Apresenta\u00e7\u00e3o de Bandas Marciais de Frederico Westphalen e Regi\u00e3oPalco 02 da Arena de Shows<\/strong><\/p>\n<p style=\"text-align: justify;\"><strong>&nbsp;<\/strong><strong>19:30&nbsp;&nbsp; Show de M\u00fasica Erudita com Grupo Musikantiga&nbsp;&nbsp;&nbsp;&nbsp;&nbsp;&nbsp;&nbsp;&nbsp; Palco 02 da Arena de Shows<\/strong><\/p>\n<p style=\"text-align: justify;\"><strong>&nbsp;<\/strong><strong>20:00&nbsp;&nbsp; Show de Musica Gospel com a Banda Sol MaiorPalco 02 da Arena de Shows<\/strong><\/p>\n<p style=\"text-align: justify;\"><strong>&nbsp;<\/strong><strong>22:00&nbsp;&nbsp; Show Musical com Maiara e Maraisa&nbsp;&nbsp;&nbsp;&nbsp;&nbsp;&nbsp;&nbsp; Palco 01 da Arena de Shows<\/strong><\/p>","protected":false},"excerpt":{"rendered":"<p>No segundo dia de Feira, mais de 20 mil pessoas vieram ao Parque de Exposi\u00e7\u00f5es, segundo estimativas da Brigada Militar e da Comiss\u00e3o Central. Milhares de pessoas circularam pela Feira durante o dia e, a noite, curtiram os shows de Antonio Gringo e Saimon Gaiteiro, Erlon &amp; Marcos, C\u00e9sar Menotti &amp; Fabiano e, fechando a<\/p>\n<div class=\"read-more-wrapper\"><a class=\"read-more\" href=\"https:\/\/www2.comunitaria.com.br\/en\/show-de-cesar-menotti-fabiano-marca-segundo-dia-de-expofred\/\" title=\"Read More\"> <span class=\"button\">Read More<\/span><\/a><\/div>","protected":false},"author":2,"featured_media":31977,"comment_status":"open","ping_status":"closed","sticky":false,"template":"","format":"standard","meta":{"ngg_post_thumbnail":0,"footnotes":""},"categories":[42,100,28,33,35],"tags":[3317,1482,592,1159,1165],"class_list":["post-31976","post","type-post","status-publish","format-standard","has-post-thumbnail","hentry","category-fred-west","category-musica","category-destaque","category-noticias","category-variedades","tag-atracoes","tag-expofred","tag-feira","tag-musica","tag-variedades"],"amp_enabled":true,"_links":{"self":[{"href":"https:\/\/www2.comunitaria.com.br\/en\/wp-json\/wp\/v2\/posts\/31976","targetHints":{"allow":["GET"]}}],"collection":[{"href":"https:\/\/www2.comunitaria.com.br\/en\/wp-json\/wp\/v2\/posts"}],"about":[{"href":"https:\/\/www2.comunitaria.com.br\/en\/wp-json\/wp\/v2\/types\/post"}],"author":[{"embeddable":true,"href":"https:\/\/www2.comunitaria.com.br\/en\/wp-json\/wp\/v2\/users\/2"}],"replies":[{"embeddable":true,"href":"https:\/\/www2.comunitaria.com.br\/en\/wp-json\/wp\/v2\/comments?post=31976"}],"version-history":[{"count":0,"href":"https:\/\/www2.comunitaria.com.br\/en\/wp-json\/wp\/v2\/posts\/31976\/revisions"}],"wp:featuredmedia":[{"embeddable":true,"href":"https:\/\/www2.comunitaria.com.br\/en\/wp-json\/wp\/v2\/media\/31977"}],"wp:attachment":[{"href":"https:\/\/www2.comunitaria.com.br\/en\/wp-json\/wp\/v2\/media?parent=31976"}],"wp:term":[{"taxonomy":"category","embeddable":true,"href":"https:\/\/www2.comunitaria.com.br\/en\/wp-json\/wp\/v2\/categories?post=31976"},{"taxonomy":"post_tag","embeddable":true,"href":"https:\/\/www2.comunitaria.com.br\/en\/wp-json\/wp\/v2\/tags?post=31976"}],"curies":[{"name":"wp","href":"https:\/\/api.w.org\/{rel}","templated":true}]}}