{"id":3192,"date":"2015-04-06T08:43:38","date_gmt":"2015-04-06T10:43:38","guid":{"rendered":"http:\/\/www2.comunitaria.com.br\/?p=3192"},"modified":"2015-04-06T09:10:56","modified_gmt":"2015-04-06T11:10:56","slug":"acidentes-assaltos-prisoes-e-mortes-marcam-de-forma-tragica-o-feriadao","status":"publish","type":"post","link":"https:\/\/www2.comunitaria.com.br\/en\/acidentes-assaltos-prisoes-e-mortes-marcam-de-forma-tragica-o-feriadao\/","title":{"rendered":"Acidentes, assaltos, pris\u00f5es e mortes marcam de forma tr\u00e1gica o feriad\u00e3o"},"content":{"rendered":"<p style=\"text-align: justify;\">Desde o meio-dia da \u00faltima quinta-feira at\u00e9 as 23h deste domingo de\u00a0P\u00e1scoa, pelo menos\u00a024 pessoas morreram\u00a0em acidentes de tr\u00e2nsito no Rio Grande do Sul. O n\u00famero \u00e9\u00a0o dobro\u00a0do que o n\u00famero de v\u00edtimas da P\u00e1scoa passada, quando houve 12 mortes no mesmo per\u00edodo.<\/p>\n<p style=\"text-align: justify;\">As 24 mortes deste feriad\u00e3o ocorreram em 15 acidentes.\u00a0Em\u00a0Santa Rosa, na ERS-472,\u00a0quatro jovens perderam a vida\u00a0ap\u00f3s o carro em que estavam colidir contra uma \u00e1rvore e pegar fogo. Como as v\u00edtimas eram todas de\u00a0Santo Cristo, o prefeito decretou\u00a0luto oficial de tr\u00eas dias na cidade.<\/p>\n<p style=\"text-align: justify;\">O outro\u00a0ocorreu em Montenegro, na RSC-287. Al\u00e9m dos\u00a0cinco mortos, outras\u00a0cinco pessoas ficaram feridas e foram encaminhadas a hospitais da regi\u00e3o do Vale do Ca\u00ed.<\/p>\n<p style=\"text-align: justify;\">As duas rodovias com mais ocorr\u00eancias \u2014 cada uma com dois acidentes com morte \u2014 foram a\u00a0BR-386, em Triunfo e em Marques de Souza, e a\u00a0RSC-287, em Montenegro e em Candel\u00e1ria.<\/p>\n<h3 style=\"text-align: justify;\"><strong>Na nossa Regi\u00e3o:<\/strong><\/h3>\n<p style=\"text-align: justify;\">Dois fatos aconteceram durante o s\u00e1bado, 4, na BR-386\/158 e lesionaram levemente os envolvidos. O primeiro acidente foi no km 4 da rodovia em Ira\u00ed. Um caminh\u00e3o Ford\/Cargo atingiu a traseira de uma Volkswagen\/Saveiro, que com o impacto tamb\u00e9m atingiu a traseira de um Volkswagen\/Gol que estava em sua frente. Na colis\u00e3o houve danos materiais e feridos leves que foram socorridos e encaminhados ao Hospital Nossa Senhora Auxiliadora de Ira\u00ed.<\/p>\n<p style=\"text-align: justify;\">O outro acidente tamb\u00e9m aconteceu na BR-386\/158, mas no km 50, no trevo de acesso \u00e0 Seberi. A colis\u00e3o ocorreu por volta das 20h30min deste s\u00e1bado e envolveu tr\u00eas ve\u00edculos. Segundo a Pol\u00edcia Rodovi\u00e1ria Federal, posto de Seberi, uma Fiat\/Strada atingiu lateralmente um GM\/Kadett, que acabou colidindo com um GM\/Corsa Sedan que aguardava no acostamento para entrar na rodovia. No fato foram registrados danos materiais e os feridos leves foram socorridos e encaminhados para o Hospital Pio XII em Seberi.<\/p>\n<h3 style=\"text-align: justify;\"><strong>Sete feridos em Palmeira das Miss\u00f5es<\/strong><\/h3>\n<p style=\"text-align: justify;\">O acidente aconteceu na noite do\u00a0s\u00e1bado (5) por volta de 21:30 e envolveu 4 autom\u00f3veis com 7 pessoas feridas, uma delas transferida para Hospital em Passo Fundo.<\/p>\n<p style=\"text-align: justify;\">Trabalho intenso do SAMU, Corpo de Bombeiros de Palmeira das Miss\u00f5es, e equipe de plant\u00e3o do HC no socorro dos envolvidos.<\/p>\n<p style=\"text-align: justify;\">As circunst\u00e2ncias que e causou o acidente n\u00e3o foram divulgadas pela Policia Rodovi\u00e1ria Federal de Seberi. Informa\u00e7\u00f5es d\u00e3o conta\u00a0que todos trafegavam na BR 468 sentido entrada de Palmeira das Miss\u00f5es.<\/p>\n<p style=\"text-align: justify;\">Um casal que estava no voyage prata de Arroio do Meio permanece internado no Hospital de Palmeira das Miss\u00f5es.<\/p>\n<h3 style=\"text-align: justify;\"><strong>Assaltos e Pris\u00f5es<\/strong><\/h3>\n<p style=\"text-align: justify;\">No in\u00edcio da manh\u00e3 da sexta-feira, a\u00a0ag\u00eancia do Banco do Brasil foi arrombada em Seberi\u00a0e por volta das 13 horas a\u00a0ag\u00eancia do Banrisul foi atacada\u00a0no munic\u00edpio de Vista Alegre. Os dois crimes teriam sido cometidos pelos mesmos indiv\u00edduos, que estariam conduzindo dois ve\u00edculos e s\u00e3o de fora da regi\u00e3o. Ap\u00f3s os arrombamentos uma for\u00e7a tarefa envolvendo as pol\u00edcias Civil, Militar e Rodovi\u00e1ria Federal foi realizada para tentar capturar os bandidos.<\/p>\n<p style=\"text-align: justify;\">No in\u00edcio da tarde um suspeito foi preso, trata-se de F.R., 25 anos, natural de Joinville-SC. Ele e pelo menos mais dois homens estavam em um Renault\/Megane com placas de Curitiba-PR. Os criminosos que estariam em outro ve\u00edculo fugiram. O homem preso e os outros meliantes que ainda est\u00e3o foragidos, foram perseguidos na linha Vilhinha em Frederico Westphalen, onde grupos ainda seguem as buscas. O homem preso prestou depoimento na Delegacia de Pol\u00edcia de Frederico Westphalen e foi encaminhado para o Pres\u00eddio Estadual de FW.<\/p>\n<h3 style=\"text-align: justify;\"><strong>Morte na travessia\u00a0<\/strong><\/h3>\n<p style=\"text-align: justify;\">Por volta da\u00a0\u00a06 hs da manh\u00e3 deste domingo, 05, <a href=\"http:\/\/www2.comunitaria.com.br\/en\/jovem-de-pinheirinho-do-vale-e-morto-a-tiros-em-itapiranga\/\">um tiroteio tirou a vida de um jovem de Pinheirinho do Vale<\/a> e deixou outros dois gravemente feridos.<\/p>\n<p style=\"text-align: justify;\">Segundo o Delegado Wesley Andrade de Itapiranga, \u00a0teria ocorreu um desentendimento em um baile na cidade de Itapiranga \u00a0e logo em seguida novo desentendimento em um bar.<\/p>\n<p style=\"text-align: justify;\">Quando as vitimas aguardavam para fazer a travessia da balsa de Itapiranga para Pinheirinho do Valle, um homem de 21 anos, residente em Itapiranga, chegou ao local e efetuou v\u00e1rios disparos contra o ve\u00edculo.<\/p>\n<p style=\"text-align: justify;\">O motorista na tentativa de fuga jogou o ve\u00edculo em um barranco, ficando parcialmente submerso na \u00e1gua. os bombeiros foram acionados e socorreram tr\u00eas v\u00edtimas.<\/p>\n<p style=\"text-align: justify;\">Fernando Miguel Casarolli, foi atingido por um disparto de arma de fogo na cabe\u00e7a e faleceu no local.<\/p>\n<p style=\"text-align: justify;\">Rafael Casarolli 21 anos, foi atingido na cabe\u00e7a e conduzido ao hospital em estado grave.<\/p>\n<p style=\"text-align: justify;\">Dirceu Kerkoff, 25 anos sofreu ferimentos no queixo e no ombro e foi conduzido ao hospital.<\/p>\n<p style=\"text-align: justify;\">A pol\u00edcia civil agiu rapidamente e prendeu um suspeito de 21 anos de idade, residente em Itapiranga. Conforme o delegado Wesley Andrade ele confessou a autoria do crime e foi preso.<\/p>\n<p style=\"text-align: justify;\">","protected":false},"excerpt":{"rendered":"<p>Desde o meio-dia da \u00faltima quinta-feira at\u00e9 as 23h deste domingo de\u00a0P\u00e1scoa, pelo menos\u00a024 pessoas morreram\u00a0em acidentes de tr\u00e2nsito no Rio Grande do Sul. O n\u00famero \u00e9\u00a0o dobro\u00a0do que o&#8230;<\/p>","protected":false},"author":2,"featured_media":3064,"comment_status":"open","ping_status":"closed","sticky":false,"template":"","format":"standard","meta":{"ngg_post_thumbnail":0,"footnotes":""},"categories":[42,28,33,36,43],"tags":[529,844,488,696],"class_list":["post-3192","post","type-post","status-publish","format-standard","has-post-thumbnail","hentry","category-fred-west","category-destaque","category-noticias","category-policia","category-regiao","tag-acidentes","tag-assaltos","tag-mortes","tag-prisoes"],"amp_enabled":true,"_links":{"self":[{"href":"https:\/\/www2.comunitaria.com.br\/en\/wp-json\/wp\/v2\/posts\/3192","targetHints":{"allow":["GET"]}}],"collection":[{"href":"https:\/\/www2.comunitaria.com.br\/en\/wp-json\/wp\/v2\/posts"}],"about":[{"href":"https:\/\/www2.comunitaria.com.br\/en\/wp-json\/wp\/v2\/types\/post"}],"author":[{"embeddable":true,"href":"https:\/\/www2.comunitaria.com.br\/en\/wp-json\/wp\/v2\/users\/2"}],"replies":[{"embeddable":true,"href":"https:\/\/www2.comunitaria.com.br\/en\/wp-json\/wp\/v2\/comments?post=3192"}],"version-history":[{"count":0,"href":"https:\/\/www2.comunitaria.com.br\/en\/wp-json\/wp\/v2\/posts\/3192\/revisions"}],"wp:featuredmedia":[{"embeddable":true,"href":"https:\/\/www2.comunitaria.com.br\/en\/wp-json\/wp\/v2\/media\/3064"}],"wp:attachment":[{"href":"https:\/\/www2.comunitaria.com.br\/en\/wp-json\/wp\/v2\/media?parent=3192"}],"wp:term":[{"taxonomy":"category","embeddable":true,"href":"https:\/\/www2.comunitaria.com.br\/en\/wp-json\/wp\/v2\/categories?post=3192"},{"taxonomy":"post_tag","embeddable":true,"href":"https:\/\/www2.comunitaria.com.br\/en\/wp-json\/wp\/v2\/tags?post=3192"}],"curies":[{"name":"wp","href":"https:\/\/api.w.org\/{rel}","templated":true}]}}