{"id":31897,"date":"2018-04-23T10:31:18","date_gmt":"2018-04-23T12:31:18","guid":{"rendered":"http:\/\/www2.comunitaria.com.br\/?p=31897"},"modified":"2018-04-23T10:32:00","modified_gmt":"2018-04-23T12:32:00","slug":"aberto-oficialmente-o-campeonato-municipal-de-futebol-society","status":"publish","type":"post","link":"https:\/\/www2.comunitaria.com.br\/en\/aberto-oficialmente-o-campeonato-municipal-de-futebol-society\/","title":{"rendered":"Aberto oficialmente o Campeonato Municipal de Futebol Society"},"content":{"rendered":"<p style=\"text-align: justify;\"><span style=\"font-weight: 400;\">Nesta semana, a bola come\u00e7ou a rolar pelo Campeonato Municipal de Futebol Society com oito jogos j\u00e1 realizados at\u00e9 o momento. Na abertura da competi\u00e7\u00e3o, na segunda-feira, 16, quatro jogos foram realizados, enquanto a segunda rodada foi disputada na quarta-feira, 18. A competi\u00e7\u00e3o \u00e9 sediada na AABB de Frederico Westphalen e nesta sexta-feira, 20, mais quatro jogos ser\u00e3o disputados, v\u00e1lidos pela terceira rodada do campeonato. <\/span><\/p>\n<p style=\"text-align: justify;\"><span style=\"font-weight: 400;\">A <\/span><span style=\"font-weight: 400;\">novidade nesta temporada \u00e9 que, em parceria com a Federa\u00e7\u00e3o Ga\u00facha de Futebol da modalidade, a equipe que conquistar o t\u00edtulo da competi\u00e7\u00e3o municipal garantir\u00e1 vaga para a fase regional \u2013 assim como o segundo colocado \u2013, que ser\u00e1 disputada em Palmeira das Miss\u00f5es, ainda com data a ser definida. A fase estadual ser\u00e1 disputada em Porto Alegre, tamb\u00e9m com data a ser definida.<\/span><\/p>\n<p style=\"text-align: justify;\"><span style=\"font-weight: 400;\">Confira os resultados das primeira e segunda rodadas do Campeonato Municipal de Futebol Society e tamb\u00e9m a pr\u00f3xima rodada:<\/span><\/p>\n<p style=\"text-align: justify;\"><b>1\u00aa rodada \u2013 Dia 16\/04<\/b><\/p>\n<p style=\"text-align: justify;\"><span style=\"font-weight: 400;\">Ponte Branca 1 x 1 S\u00f3 Canelas<br \/>\n<\/span><span style=\"font-weight: 400;\">Marditos\/Afucooper 1 x 1 Turma da Quinta<br \/>\n<\/span><span style=\"font-weight: 400;\">Sem Compromisso\/Academia Corpo e Sa\u00fade\/Barril FM 0 x 2 Sem Compromisso\/Barril FM\/ Academia Corpo e Sa\u00fade<br \/>\n<\/span><span style=\"font-weight: 400;\">Public Consultoria\/Mercado Longo 1 x 1 Turma da Arcada\/Laborat\u00f3rio Chagas<\/span><\/p>\n<p style=\"text-align: justify;\"><b>2\u00aa rodada \u2013 Dia 18\/04 <\/b><\/p>\n<p style=\"text-align: justify;\"><span style=\"font-weight: 400;\">Maragatos FC\/Michelon Service 1 x 0 Santos\/FC<br \/>\n<\/span><span style=\"font-weight: 400;\">Auto Lavagem Galhardo\/Jocemar Gesso 2 x 0 Zaap Lanches\/Batatas Chopp Beer<br \/>\n<\/span><span style=\"font-weight: 400;\">S\u00e3o Crist\u00f3v\u00e3o 0 x 0 Autoel\u00e9trica Facco\/Fiorama LS\/Peixaria Fr\u00e9u<br \/>\n<\/span><span style=\"font-weight: 400;\">Mercado Peretto\/FredSul\/Mercado Longo 2 x 0 Parceria FC<\/span><\/p>\n<p style=\"text-align: justify;\"><b>Dia 20\/04<\/b><\/p>\n<p style=\"text-align: justify;\"><b>3\u00aa rodada \u2013 a partir das 19 horas<\/b><\/p>\n<p style=\"text-align: justify;\"><span style=\"font-weight: 400;\">Maiorais\/Turma das Quartas x Ressacados<br \/>\n<\/span><span style=\"font-weight: 400;\">AABB\/Fandangos x Public Consultoria\/Mercado Longo<br \/>\n<\/span><span style=\"font-weight: 400;\">Guarani FC x Marditos\/Afucooper<br \/>\n<\/span><span style=\"font-weight: 400;\">Turma da Quinta x Ponte Branca<\/span><\/p>\n<p style=\"text-align: justify;\"><em>ASCOM &#8211; Prefeitura Frederico Westphalen<\/em><\/p>","protected":false},"excerpt":{"rendered":"<p>Nesta semana, a bola come\u00e7ou a rolar pelo Campeonato Municipal de Futebol Society com oito jogos j\u00e1 realizados at\u00e9 o momento. Na abertura da competi\u00e7\u00e3o, na segunda-feira, 16, quatro jogos&#8230;<\/p>","protected":false},"author":2,"featured_media":31898,"comment_status":"open","ping_status":"closed","sticky":false,"template":"","format":"standard","meta":{"ngg_post_thumbnail":0,"footnotes":""},"categories":[50,34,33],"tags":[138,82,230,2942],"class_list":["post-31897","post","type-post","status-publish","format-standard","has-post-thumbnail","hentry","category-campeonatos-locais","category-esportes","category-noticias","tag-campeonato","tag-frederico-westphalen","tag-futebol","tag-society"],"amp_enabled":true,"_links":{"self":[{"href":"https:\/\/www2.comunitaria.com.br\/en\/wp-json\/wp\/v2\/posts\/31897","targetHints":{"allow":["GET"]}}],"collection":[{"href":"https:\/\/www2.comunitaria.com.br\/en\/wp-json\/wp\/v2\/posts"}],"about":[{"href":"https:\/\/www2.comunitaria.com.br\/en\/wp-json\/wp\/v2\/types\/post"}],"author":[{"embeddable":true,"href":"https:\/\/www2.comunitaria.com.br\/en\/wp-json\/wp\/v2\/users\/2"}],"replies":[{"embeddable":true,"href":"https:\/\/www2.comunitaria.com.br\/en\/wp-json\/wp\/v2\/comments?post=31897"}],"version-history":[{"count":0,"href":"https:\/\/www2.comunitaria.com.br\/en\/wp-json\/wp\/v2\/posts\/31897\/revisions"}],"wp:featuredmedia":[{"embeddable":true,"href":"https:\/\/www2.comunitaria.com.br\/en\/wp-json\/wp\/v2\/media\/31898"}],"wp:attachment":[{"href":"https:\/\/www2.comunitaria.com.br\/en\/wp-json\/wp\/v2\/media?parent=31897"}],"wp:term":[{"taxonomy":"category","embeddable":true,"href":"https:\/\/www2.comunitaria.com.br\/en\/wp-json\/wp\/v2\/categories?post=31897"},{"taxonomy":"post_tag","embeddable":true,"href":"https:\/\/www2.comunitaria.com.br\/en\/wp-json\/wp\/v2\/tags?post=31897"}],"curies":[{"name":"wp","href":"https:\/\/api.w.org\/{rel}","templated":true}]}}