{"id":31888,"date":"2018-04-20T11:34:54","date_gmt":"2018-04-20T13:34:54","guid":{"rendered":"http:\/\/www2.comunitaria.com.br\/?p=31888"},"modified":"2018-04-20T11:53:26","modified_gmt":"2018-04-20T13:53:26","slug":"expofred-2018-tera-campanha-assistencial","status":"publish","type":"post","link":"https:\/\/www2.comunitaria.com.br\/en\/expofred-2018-tera-campanha-assistencial\/","title":{"rendered":"Expofred 2018 ter\u00e1 campanha assistencial"},"content":{"rendered":"<p style=\"text-align: justify;\">Seguindo a tradi\u00e7\u00e3o de outras edi\u00e7\u00f5es, a Comiss\u00e3o Organizadora da Expofred 2018 convida o p\u00fablico a doar 1kg de alimento n\u00e3o perec\u00edvel na entrada do Parque de Exposi\u00e7\u00f5es, que ser\u00e1 destinado \u00e0s entidades assistenciais do munic\u00edpio. Somente na \u00faltima edi\u00e7\u00e3o da Feira, foram doados toneladas de alimentos, que fizeram a diferen\u00e7a para centenas de pessoas. Segundo a vice-presidente da Feira, Simonia Oliveira, \u201cs\u00e3o poucas as oportunidades de se mobilizar tantas pessoas em prol de uma causa t\u00e3o importante, como acontece na Expofred. Por isso, estamos convidando toda a comunidade a se engajar e trazer a sua doa\u00e7\u00e3o\u201d.<\/p>\n<p style=\"text-align: justify;\"><strong>Saiba quais alimentos podem ser doados<\/strong><\/p>\n<p style=\"text-align: justify;\">Para facilitar o armazenamento e o melhor aproveitamento, s\u00f3 ser\u00e3o aceitos alimentos n\u00e3o perec\u00edveis, que s\u00e3o alimentos de f\u00e1cil armazenamento, que n\u00e3o estragam sendo conservados em temperatura ambiente. Neste grupo est\u00e3o os cereais, macarr\u00e3o, feij\u00f5es, soja, arroz, caf\u00e9, sal, farinha de milho, a\u00e7\u00facar, polvilho, farinha de trigo, \u00f3leo, leite em p\u00f3, bolachas, pipoca, achocolatado, gelatina, extrato de tomate, enlatados, canjica, vinagre, dentre outros.<\/p>\n<p style=\"text-align: justify;\"><strong>Como doar? <\/strong><\/p>\n<p style=\"text-align: justify;\">As institui\u00e7\u00f5es estar\u00e3o arrecadando os alimentos no acesso principal do Parque em todos os dias da Feira.<\/p>\n<p style=\"text-align: justify;\">Al\u00e9m da doa\u00e7\u00e3o de alimentos n\u00e3o perec\u00edveis, outra forma de colaborar com a comunidade \u00e9 atrav\u00e9s dos estacionamentos oficiais da Feira. Parte do valor arrecadado na comercializa\u00e7\u00e3o das vagas ser\u00e1 destinado \u00e0s seguintes entidades: Promenor, APAE, Lar dos Deficientes F\u00edsicos e Fazenda Cristo Rei.<\/p>\n<p style=\"text-align: justify;\">&nbsp;<\/p>\n<p style=\"text-align: justify;\"><em>Fonte: Ascom ACI<\/em><\/p>","protected":false},"excerpt":{"rendered":"<p>Seguindo a tradi\u00e7\u00e3o de outras edi\u00e7\u00f5es, a Comiss\u00e3o Organizadora da Expofred 2018 convida o p\u00fablico a doar 1kg de alimento n\u00e3o perec\u00edvel na entrada do Parque de Exposi\u00e7\u00f5es, que ser\u00e1 destinado \u00e0s entidades assistenciais do munic\u00edpio. Somente na \u00faltima edi\u00e7\u00e3o da Feira, foram doados toneladas de alimentos, que fizeram a diferen\u00e7a para centenas de pessoas.<\/p>\n<div class=\"read-more-wrapper\"><a class=\"read-more\" href=\"https:\/\/www2.comunitaria.com.br\/en\/expofred-2018-tera-campanha-assistencial\/\" title=\"Read More\"> <span class=\"button\">Read More<\/span><\/a><\/div>","protected":false},"author":2,"featured_media":31889,"comment_status":"open","ping_status":"closed","sticky":false,"template":"","format":"standard","meta":{"ngg_post_thumbnail":0,"footnotes":""},"categories":[46,42,33],"tags":[464,969,1482,3958,592],"class_list":["post-31888","post","type-post","status-publish","format-standard","has-post-thumbnail","hentry","category-estado","category-fred-west","category-noticias","tag-alimentos","tag-doacao","tag-expofred","tag-expofrede2018","tag-feira"],"amp_enabled":true,"_links":{"self":[{"href":"https:\/\/www2.comunitaria.com.br\/en\/wp-json\/wp\/v2\/posts\/31888","targetHints":{"allow":["GET"]}}],"collection":[{"href":"https:\/\/www2.comunitaria.com.br\/en\/wp-json\/wp\/v2\/posts"}],"about":[{"href":"https:\/\/www2.comunitaria.com.br\/en\/wp-json\/wp\/v2\/types\/post"}],"author":[{"embeddable":true,"href":"https:\/\/www2.comunitaria.com.br\/en\/wp-json\/wp\/v2\/users\/2"}],"replies":[{"embeddable":true,"href":"https:\/\/www2.comunitaria.com.br\/en\/wp-json\/wp\/v2\/comments?post=31888"}],"version-history":[{"count":0,"href":"https:\/\/www2.comunitaria.com.br\/en\/wp-json\/wp\/v2\/posts\/31888\/revisions"}],"wp:featuredmedia":[{"embeddable":true,"href":"https:\/\/www2.comunitaria.com.br\/en\/wp-json\/wp\/v2\/media\/31889"}],"wp:attachment":[{"href":"https:\/\/www2.comunitaria.com.br\/en\/wp-json\/wp\/v2\/media?parent=31888"}],"wp:term":[{"taxonomy":"category","embeddable":true,"href":"https:\/\/www2.comunitaria.com.br\/en\/wp-json\/wp\/v2\/categories?post=31888"},{"taxonomy":"post_tag","embeddable":true,"href":"https:\/\/www2.comunitaria.com.br\/en\/wp-json\/wp\/v2\/tags?post=31888"}],"curies":[{"name":"wp","href":"https:\/\/api.w.org\/{rel}","templated":true}]}}