{"id":31859,"date":"2018-04-17T17:25:13","date_gmt":"2018-04-17T19:25:13","guid":{"rendered":"http:\/\/www2.comunitaria.com.br\/?p=31859"},"modified":"2018-04-17T17:25:13","modified_gmt":"2018-04-17T19:25:13","slug":"aneel-aprova-reajuste-de-2247-nas-tarifas-da-rge-sul","status":"publish","type":"post","link":"https:\/\/www2.comunitaria.com.br\/en\/aneel-aprova-reajuste-de-2247-nas-tarifas-da-rge-sul\/","title":{"rendered":"Aneel aprova reajuste de 22,47% nas tarifas da RGE Sul"},"content":{"rendered":"<p style=\"text-align: justify;\">A Ag\u00eancia Nacional de Energia El\u00e9trica (Aneel) aprovou nesta ter\u00e7a-feira reajuste de 22,47% nas tarifas da RGE Sul.&nbsp;Para consumidores conectados \u00e0 alta tens\u00e3o, o aumento ser\u00e1 de 24,99%, e para a baixa tens\u00e3o, a alta ser\u00e1 de 21%.&nbsp;As novas tarifas vigoram a partir de quinta-feira, 19 de abril. A RGE-Sul pertence \u00e0 CPFL e atende a cerca de 1,3 milh\u00e3o de unidades consumidoras em 118 munic\u00edpios do Rio Grande do Sul.<\/p>\n<p style=\"text-align: justify;\">O reajuste diz respeito ao quarto ciclo de revis\u00e3o tarif\u00e1ria da companhia, processo realizado de quatro em quatro anos para manter o equil\u00edbrio econ\u00f4mico-financeiro dos contratos de concess\u00e3o. O diretor da Aneel, Romeu Rufino, disse que o fato de ser uma revis\u00e3o tarif\u00e1ria, e n\u00e3o um reajuste ordin\u00e1rio, explica o aumento elevado.<\/p>\n<p style=\"text-align: justify;\">Al\u00e9m disso, tamb\u00e9m pesaram no \u00edndice itens como efeitos financeiros (que vigoram por apenas um ano), a parcela B, que se refere \u00e0 recupera\u00e7\u00e3o de investimentos feitos pela empresa na rede, e encargos setoriais, que bancam subs\u00eddios tarif\u00e1rios.<\/p>\n<p style=\"text-align: justify;\"><em>Gua\u00edba<\/em><\/p>","protected":false},"excerpt":{"rendered":"<p>A Ag\u00eancia Nacional de Energia El\u00e9trica (Aneel) aprovou nesta ter\u00e7a-feira reajuste de 22,47% nas tarifas da RGE Sul.&nbsp;Para consumidores conectados \u00e0 alta tens\u00e3o, o aumento ser\u00e1 de 24,99%, e para a baixa tens\u00e3o, a alta ser\u00e1 de 21%.&nbsp;As novas tarifas vigoram a partir de quinta-feira, 19 de abril. A RGE-Sul pertence \u00e0 CPFL e atende<\/p>\n<div class=\"read-more-wrapper\"><a class=\"read-more\" href=\"https:\/\/www2.comunitaria.com.br\/en\/aneel-aprova-reajuste-de-2247-nas-tarifas-da-rge-sul\/\" title=\"Read More\"> <span class=\"button\">Read More<\/span><\/a><\/div>","protected":false},"author":2,"featured_media":31599,"comment_status":"open","ping_status":"closed","sticky":false,"template":"","format":"standard","meta":{"ngg_post_thumbnail":0,"footnotes":""},"categories":[39,46,33],"tags":[2370,384,1491,498,209],"class_list":["post-31859","post","type-post","status-publish","format-standard","has-post-thumbnail","hentry","category-economia","category-estado","category-noticias","tag-conta-de-luz","tag-economia-2","tag-energia","tag-energia-eletrica","tag-rge"],"amp_enabled":true,"_links":{"self":[{"href":"https:\/\/www2.comunitaria.com.br\/en\/wp-json\/wp\/v2\/posts\/31859","targetHints":{"allow":["GET"]}}],"collection":[{"href":"https:\/\/www2.comunitaria.com.br\/en\/wp-json\/wp\/v2\/posts"}],"about":[{"href":"https:\/\/www2.comunitaria.com.br\/en\/wp-json\/wp\/v2\/types\/post"}],"author":[{"embeddable":true,"href":"https:\/\/www2.comunitaria.com.br\/en\/wp-json\/wp\/v2\/users\/2"}],"replies":[{"embeddable":true,"href":"https:\/\/www2.comunitaria.com.br\/en\/wp-json\/wp\/v2\/comments?post=31859"}],"version-history":[{"count":0,"href":"https:\/\/www2.comunitaria.com.br\/en\/wp-json\/wp\/v2\/posts\/31859\/revisions"}],"wp:featuredmedia":[{"embeddable":true,"href":"https:\/\/www2.comunitaria.com.br\/en\/wp-json\/wp\/v2\/media\/31599"}],"wp:attachment":[{"href":"https:\/\/www2.comunitaria.com.br\/en\/wp-json\/wp\/v2\/media?parent=31859"}],"wp:term":[{"taxonomy":"category","embeddable":true,"href":"https:\/\/www2.comunitaria.com.br\/en\/wp-json\/wp\/v2\/categories?post=31859"},{"taxonomy":"post_tag","embeddable":true,"href":"https:\/\/www2.comunitaria.com.br\/en\/wp-json\/wp\/v2\/tags?post=31859"}],"curies":[{"name":"wp","href":"https:\/\/api.w.org\/{rel}","templated":true}]}}